{"id":7897,"date":"2023-06-28T14:12:22","date_gmt":"2023-06-28T12:12:22","guid":{"rendered":"https:\/\/agora.xtec.cat\/ceipmdangels\/?p=7897"},"modified":"2023-06-28T14:26:52","modified_gmt":"2023-06-28T12:26:52","slug":"programa-tecnics-dintegracio-social","status":"publish","type":"post","link":"https:\/\/agora.xtec.cat\/ceipmdangels\/general\/programa-tecnics-dintegracio-social\/","title":{"rendered":"Programa T\u00e8cnics d\u2019integraci\u00f3 social"},"content":{"rendered":"<p style=\"text-align: left;\" align=\"left\"><img loading=\"lazy\" decoding=\"async\" class=\"wp-image-7898 alignleft\" src=\"https:\/\/agora.xtec.cat\/ceipmdangels\/wp-content\/uploads\/usu320\/2023\/06\/Captura-de-pantalla-2023-06-28-141031-300x142.png\" alt=\"\" width=\"224\" height=\"106\" srcset=\"https:\/\/agora.xtec.cat\/ceipmdangels\/wp-content\/uploads\/usu320\/2023\/06\/Captura-de-pantalla-2023-06-28-141031-300x142.png 300w, https:\/\/agora.xtec.cat\/ceipmdangels\/wp-content\/uploads\/usu320\/2023\/06\/Captura-de-pantalla-2023-06-28-141031.png 394w\" sizes=\"auto, (max-width: 224px) 100vw, 224px\" \/>El nostre centre disposa d&#8217;una professional TIS d\u2019atenci\u00f3 educativa amb la finalitat de garantir l\u2019equitat en l\u2019acc\u00e9s a l\u2019educaci\u00f3. La contractaci\u00f3 est\u00e0 cofinan\u00e7ada pels Fons Socials Europeus (FSE).<\/p>\n<p align=\"left\">\n<p align=\"left\">Els objectius plantejats amb aquesta incorporaci\u00f3 als centre s\u00f3n:<\/p>\n<p align=\"left\">\u2013 Prevenir l\u2019abandonament prematur i el frac\u00e0s escolar<\/p>\n<p align=\"left\">\u2013\u00a0Procurar el benestar emocional dels alumnes<\/p>\n<p align=\"left\">\u2013 Facilitar una bona conviv\u00e8ncia en els centres educatius<\/p>\n<p align=\"left\">\u2013\u00a0Contribuir a l\u2019orientaci\u00f3 dels alumnes<\/p>\n<p align=\"left\">\u2013\u00a0Fomentar la implicaci\u00f3 de les fam\u00edlies<\/p>\n<p align=\"left\">\u2013 Fomentar el vincle entre l\u2019escola i el seu entorn<\/p>\n<p align=\"left\">\u2013 Contribuir al desenvolupament de plans d\u2019\u00e0mbit comunitari<\/p>\n","protected":false},"excerpt":{"rendered":"<p>El nostre centre disposa d&#8217;una professional TIS d\u2019atenci\u00f3 educativa amb la finalitat de garantir l\u2019equitat en l\u2019acc\u00e9s a l\u2019educaci\u00f3. La contractaci\u00f3 est\u00e0 cofinan\u00e7ada pels Fons Socials Europeus (FSE).<\/p>\n<p>Els objectius plantejats amb aquesta incorporaci\u00f3 als centre s\u00f3n:<br \/>\n\u2013 Prevenir l\u2019abandonament prematur i el frac\u00e0s escolar<br \/>\n\u2013\u00a0Procurar el benestar&hellip;  <a href=\"https:\/\/agora.xtec.cat\/ceipmdangels\/general\/programa-tecnics-dintegracio-social\/\" title=\"Read Programa T\u00e8cnics d\u2019integraci\u00f3 social\">Llegeix m\u00e9s\u00bb<\/a><\/p>\n","protected":false},"author":1,"featured_media":0,"comment_status":"closed","ping_status":"closed","sticky":false,"template":"","format":"standard","meta":{"_bbp_topic_count":0,"_bbp_reply_count":0,"_bbp_total_topic_count":0,"_bbp_total_reply_count":0,"_bbp_voice_count":0,"_bbp_anonymous_reply_count":0,"_bbp_topic_count_hidden":0,"_bbp_reply_count_hidden":0,"_bbp_forum_subforum_count":0,"footnotes":""},"categories":[1,4],"tags":[],"class_list":["post-7897","post","type-post","status-publish","format-standard","hentry","category-general","category-portada"],"post_mailing_queue_ids":[],"_links":{"self":[{"href":"https:\/\/agora.xtec.cat\/ceipmdangels\/wp-json\/wp\/v2\/posts\/7897","targetHints":{"allow":["GET"]}}],"collection":[{"href":"https:\/\/agora.xtec.cat\/ceipmdangels\/wp-json\/wp\/v2\/posts"}],"about":[{"href":"https:\/\/agora.xtec.cat\/ceipmdangels\/wp-json\/wp\/v2\/types\/post"}],"author":[{"embeddable":true,"href":"https:\/\/agora.xtec.cat\/ceipmdangels\/wp-json\/wp\/v2\/users\/1"}],"replies":[{"embeddable":true,"href":"https:\/\/agora.xtec.cat\/ceipmdangels\/wp-json\/wp\/v2\/comments?post=7897"}],"version-history":[{"count":3,"href":"https:\/\/agora.xtec.cat\/ceipmdangels\/wp-json\/wp\/v2\/posts\/7897\/revisions"}],"predecessor-version":[{"id":7905,"href":"https:\/\/agora.xtec.cat\/ceipmdangels\/wp-json\/wp\/v2\/posts\/7897\/revisions\/7905"}],"wp:attachment":[{"href":"https:\/\/agora.xtec.cat\/ceipmdangels\/wp-json\/wp\/v2\/media?parent=7897"}],"wp:term":[{"taxonomy":"category","embeddable":true,"href":"https:\/\/agora.xtec.cat\/ceipmdangels\/wp-json\/wp\/v2\/categories?post=7897"},{"taxonomy":"post_tag","embeddable":true,"href":"https:\/\/agora.xtec.cat\/ceipmdangels\/wp-json\/wp\/v2\/tags?post=7897"}],"curies":[{"name":"wp","href":"https:\/\/api.w.org\/{rel}","templated":true}]}}