{"id":7858,"date":"2023-06-16T13:42:09","date_gmt":"2023-06-16T11:42:09","guid":{"rendered":"https:\/\/agora.xtec.cat\/ceipmdangels\/?p=7858"},"modified":"2023-06-16T13:42:58","modified_gmt":"2023-06-16T11:42:58","slug":"concert-encordats-auditori-diputacio-juny-2023","status":"publish","type":"post","link":"https:\/\/agora.xtec.cat\/ceipmdangels\/general\/concert-encordats-auditori-diputacio-juny-2023\/","title":{"rendered":"CONCERT ENCORDATS, Auditori Diputaci\u00f3, juny 2023"},"content":{"rendered":"<p>CONCERT ENCORDATS, Auditori Diputaci\u00f3, 15 de juny 2023.<\/p>\n<p>L&#8217;alumnat de 3r va oferir el concert de final de curs del projecte &#8220;Els \u00c0ngels toquen&#8221; juntament amb l&#8217;alumnat de l&#8217;Escola Municipal de M\u00fasica de Tarragona. Van ser uns m\u00fasics molt professionals i ho van fer molt b\u00e9!<\/p>\n<figure class=\"figure wp-caption alignnone\"><a href=\"https:\/\/photos.app.goo.gl\/bB8bbUsQ9dJpQpEc6\" target=\"_blank\" rel=\"noopener\"><img loading=\"lazy\" decoding=\"async\" class=\"wp-image-7859\" src=\"https:\/\/agora.xtec.cat\/ceipmdangels\/wp-content\/uploads\/usu320\/2023\/06\/IMG_9271-300x225.jpg\" alt=\"\" width=\"455\" height=\"341\" srcset=\"https:\/\/agora.xtec.cat\/ceipmdangels\/wp-content\/uploads\/usu320\/2023\/06\/IMG_9271-300x225.jpg 300w, https:\/\/agora.xtec.cat\/ceipmdangels\/wp-content\/uploads\/usu320\/2023\/06\/IMG_9271-1024x768.jpg 1024w, https:\/\/agora.xtec.cat\/ceipmdangels\/wp-content\/uploads\/usu320\/2023\/06\/IMG_9271-768x576.jpg 768w, https:\/\/agora.xtec.cat\/ceipmdangels\/wp-content\/uploads\/usu320\/2023\/06\/IMG_9271-1536x1152.jpg 1536w, https:\/\/agora.xtec.cat\/ceipmdangels\/wp-content\/uploads\/usu320\/2023\/06\/IMG_9271-2048x1536.jpg 2048w, https:\/\/agora.xtec.cat\/ceipmdangels\/wp-content\/uploads\/usu320\/2023\/06\/IMG_9271-200x150.jpg 200w\" sizes=\"auto, (max-width: 455px) 100vw, 455px\" \/><\/a><figcaption class=\"wp-caption-text\">Clica a sobre per veure l&#8217;actuaci\u00f3<\/figcaption><\/figure>\n","protected":false},"excerpt":{"rendered":"<p>CONCERT ENCORDATS, Auditori Diputaci\u00f3, 15 de juny 2023.<br \/>\nL&#8217;alumnat de 3r va oferir el concert de final de curs del projecte &#8220;Els \u00c0ngels toquen&#8221; juntament amb l&#8217;alumnat de l&#8217;Escola Municipal de M\u00fasica de Tarragona. Van ser uns m\u00fasics molt professionals i ho van fer molt b\u00e9!<br \/>\n<a&hellip;  <a href=\"https:\/\/agora.xtec.cat\/ceipmdangels\/general\/concert-encordats-auditori-diputacio-juny-2023\/\" title=\"Read CONCERT ENCORDATS, Auditori Diputaci\u00f3, juny 2023\">Llegeix m\u00e9s\u00bb<\/a><\/p>\n","protected":false},"author":1,"featured_media":0,"comment_status":"closed","ping_status":"closed","sticky":false,"template":"","format":"standard","meta":{"_bbp_topic_count":0,"_bbp_reply_count":0,"_bbp_total_topic_count":0,"_bbp_total_reply_count":0,"_bbp_voice_count":0,"_bbp_anonymous_reply_count":0,"_bbp_topic_count_hidden":0,"_bbp_reply_count_hidden":0,"_bbp_forum_subforum_count":0,"footnotes":""},"categories":[162,157,24,190,1,4],"tags":[],"class_list":["post-7858","post","type-post","status-publish","format-standard","hentry","category-3r-curs-22-23","category-bloc-daula-curs-22-23","category-cicle-mitja","category-els-angels-toquen","category-general","category-portada"],"post_mailing_queue_ids":[],"_links":{"self":[{"href":"https:\/\/agora.xtec.cat\/ceipmdangels\/wp-json\/wp\/v2\/posts\/7858","targetHints":{"allow":["GET"]}}],"collection":[{"href":"https:\/\/agora.xtec.cat\/ceipmdangels\/wp-json\/wp\/v2\/posts"}],"about":[{"href":"https:\/\/agora.xtec.cat\/ceipmdangels\/wp-json\/wp\/v2\/types\/post"}],"author":[{"embeddable":true,"href":"https:\/\/agora.xtec.cat\/ceipmdangels\/wp-json\/wp\/v2\/users\/1"}],"replies":[{"embeddable":true,"href":"https:\/\/agora.xtec.cat\/ceipmdangels\/wp-json\/wp\/v2\/comments?post=7858"}],"version-history":[{"count":1,"href":"https:\/\/agora.xtec.cat\/ceipmdangels\/wp-json\/wp\/v2\/posts\/7858\/revisions"}],"predecessor-version":[{"id":7860,"href":"https:\/\/agora.xtec.cat\/ceipmdangels\/wp-json\/wp\/v2\/posts\/7858\/revisions\/7860"}],"wp:attachment":[{"href":"https:\/\/agora.xtec.cat\/ceipmdangels\/wp-json\/wp\/v2\/media?parent=7858"}],"wp:term":[{"taxonomy":"category","embeddable":true,"href":"https:\/\/agora.xtec.cat\/ceipmdangels\/wp-json\/wp\/v2\/categories?post=7858"},{"taxonomy":"post_tag","embeddable":true,"href":"https:\/\/agora.xtec.cat\/ceipmdangels\/wp-json\/wp\/v2\/tags?post=7858"}],"curies":[{"name":"wp","href":"https:\/\/api.w.org\/{rel}","templated":true}]}}