{"id":7816,"date":"2023-05-26T13:35:03","date_gmt":"2023-05-26T11:35:03","guid":{"rendered":"https:\/\/agora.xtec.cat\/ceipmdangels\/?p=7816"},"modified":"2023-05-26T13:35:03","modified_gmt":"2023-05-26T11:35:03","slug":"excursio-circ-les-musaranyes","status":"publish","type":"post","link":"https:\/\/agora.xtec.cat\/ceipmdangels\/infantil\/excursio-circ-les-musaranyes\/","title":{"rendered":"Excursi\u00f3 Circ les Musaranyes"},"content":{"rendered":"<p>Aquest tercer trimestre els alumnes de P4 hem anat a passar el dia a la Selva del Camp, juntament amb la companyia del <em><strong>&#8220;Circ de les Musaranyes&#8221;<\/strong><\/em>. Durant el dia vam aprendre diferents t\u00e8cniques de circ, acrob\u00e0cies, malabars, equilibris, trapezis,&#8230; Per la tarda, vam veure un espectacle de circ on van apar\u00e8ixer alguns dels personatges que hav\u00edem treballat a classe.<\/p>\n<p>Un dia molt divertit que seguir no oblidarem!!<\/p>\n<p style=\"text-align: center\"><a href=\"https:\/\/photos.app.goo.gl\/pS3CjxkwraHnABQu9\">https:\/\/photos.app.goo.gl\/pS3CjxkwraHnABQu9<\/a><\/p>\n<p><a href=\"https:\/\/agora.xtec.cat\/ceipmdangels\/wp-content\/uploads\/usu320\/2023\/05\/IMG-20230518-WA0091.jpg\"><img loading=\"lazy\" decoding=\"async\" class=\"alignleft wp-image-7817 size-medium\" src=\"https:\/\/agora.xtec.cat\/ceipmdangels\/wp-content\/uploads\/usu320\/2023\/05\/IMG-20230518-WA0091-300x225.jpg\" alt=\"\" width=\"300\" height=\"225\" srcset=\"https:\/\/agora.xtec.cat\/ceipmdangels\/wp-content\/uploads\/usu320\/2023\/05\/IMG-20230518-WA0091-300x225.jpg 300w, https:\/\/agora.xtec.cat\/ceipmdangels\/wp-content\/uploads\/usu320\/2023\/05\/IMG-20230518-WA0091-1024x768.jpg 1024w, https:\/\/agora.xtec.cat\/ceipmdangels\/wp-content\/uploads\/usu320\/2023\/05\/IMG-20230518-WA0091-768x576.jpg 768w, https:\/\/agora.xtec.cat\/ceipmdangels\/wp-content\/uploads\/usu320\/2023\/05\/IMG-20230518-WA0091-1536x1152.jpg 1536w, https:\/\/agora.xtec.cat\/ceipmdangels\/wp-content\/uploads\/usu320\/2023\/05\/IMG-20230518-WA0091-200x150.jpg 200w, https:\/\/agora.xtec.cat\/ceipmdangels\/wp-content\/uploads\/usu320\/2023\/05\/IMG-20230518-WA0091.jpg 2000w\" sizes=\"auto, (max-width: 300px) 100vw, 300px\" \/><\/a><a href=\"https:\/\/agora.xtec.cat\/ceipmdangels\/wp-content\/uploads\/usu320\/2023\/05\/IMG-20230518-WA0077.jpg\"><img loading=\"lazy\" decoding=\"async\" class=\"alignright wp-image-7818 size-medium\" src=\"https:\/\/agora.xtec.cat\/ceipmdangels\/wp-content\/uploads\/usu320\/2023\/05\/IMG-20230518-WA0077-300x225.jpg\" alt=\"\" width=\"300\" height=\"225\" srcset=\"https:\/\/agora.xtec.cat\/ceipmdangels\/wp-content\/uploads\/usu320\/2023\/05\/IMG-20230518-WA0077-300x225.jpg 300w, https:\/\/agora.xtec.cat\/ceipmdangels\/wp-content\/uploads\/usu320\/2023\/05\/IMG-20230518-WA0077-1024x768.jpg 1024w, https:\/\/agora.xtec.cat\/ceipmdangels\/wp-content\/uploads\/usu320\/2023\/05\/IMG-20230518-WA0077-768x576.jpg 768w, https:\/\/agora.xtec.cat\/ceipmdangels\/wp-content\/uploads\/usu320\/2023\/05\/IMG-20230518-WA0077-1536x1152.jpg 1536w, https:\/\/agora.xtec.cat\/ceipmdangels\/wp-content\/uploads\/usu320\/2023\/05\/IMG-20230518-WA0077-200x150.jpg 200w, https:\/\/agora.xtec.cat\/ceipmdangels\/wp-content\/uploads\/usu320\/2023\/05\/IMG-20230518-WA0077.jpg 2000w\" sizes=\"auto, (max-width: 300px) 100vw, 300px\" \/><\/a><\/p>\n","protected":false},"excerpt":{"rendered":"<p>Aquest tercer trimestre els alumnes de P4 hem anat a passar el dia a la Selva del Camp, juntament amb la companyia del &#8220;Circ de les Musaranyes&#8221;. Durant el dia vam aprendre diferents t\u00e8cniques de circ, acrob\u00e0cies, malabars, equilibris, trapezis,&#8230; Per la tarda, vam veure&hellip;  <a href=\"https:\/\/agora.xtec.cat\/ceipmdangels\/infantil\/excursio-circ-les-musaranyes\/\" title=\"Read Excursi\u00f3 Circ les Musaranyes\">Llegeix m\u00e9s\u00bb<\/a><\/p>\n","protected":false},"author":10,"featured_media":0,"comment_status":"closed","ping_status":"closed","sticky":false,"template":"","format":"standard","meta":{"_bbp_topic_count":0,"_bbp_reply_count":0,"_bbp_total_topic_count":0,"_bbp_total_reply_count":0,"_bbp_voice_count":0,"_bbp_anonymous_reply_count":0,"_bbp_topic_count_hidden":0,"_bbp_reply_count_hidden":0,"_bbp_forum_subforum_count":0,"footnotes":""},"categories":[157,22,2,158,4],"tags":[],"class_list":["post-7816","post","type-post","status-publish","format-standard","hentry","category-bloc-daula-curs-22-23","category-educacio-infantil","category-infantil","category-p4-curs-22-23","category-portada"],"post_mailing_queue_ids":[],"_links":{"self":[{"href":"https:\/\/agora.xtec.cat\/ceipmdangels\/wp-json\/wp\/v2\/posts\/7816","targetHints":{"allow":["GET"]}}],"collection":[{"href":"https:\/\/agora.xtec.cat\/ceipmdangels\/wp-json\/wp\/v2\/posts"}],"about":[{"href":"https:\/\/agora.xtec.cat\/ceipmdangels\/wp-json\/wp\/v2\/types\/post"}],"author":[{"embeddable":true,"href":"https:\/\/agora.xtec.cat\/ceipmdangels\/wp-json\/wp\/v2\/users\/10"}],"replies":[{"embeddable":true,"href":"https:\/\/agora.xtec.cat\/ceipmdangels\/wp-json\/wp\/v2\/comments?post=7816"}],"version-history":[{"count":1,"href":"https:\/\/agora.xtec.cat\/ceipmdangels\/wp-json\/wp\/v2\/posts\/7816\/revisions"}],"predecessor-version":[{"id":7819,"href":"https:\/\/agora.xtec.cat\/ceipmdangels\/wp-json\/wp\/v2\/posts\/7816\/revisions\/7819"}],"wp:attachment":[{"href":"https:\/\/agora.xtec.cat\/ceipmdangels\/wp-json\/wp\/v2\/media?parent=7816"}],"wp:term":[{"taxonomy":"category","embeddable":true,"href":"https:\/\/agora.xtec.cat\/ceipmdangels\/wp-json\/wp\/v2\/categories?post=7816"},{"taxonomy":"post_tag","embeddable":true,"href":"https:\/\/agora.xtec.cat\/ceipmdangels\/wp-json\/wp\/v2\/tags?post=7816"}],"curies":[{"name":"wp","href":"https:\/\/api.w.org\/{rel}","templated":true}]}}