{"id":7636,"date":"2023-03-31T12:59:16","date_gmt":"2023-03-31T10:59:16","guid":{"rendered":"https:\/\/agora.xtec.cat\/ceipmdangels\/?p=7636"},"modified":"2023-03-31T20:33:34","modified_gmt":"2023-03-31T18:33:34","slug":"pasqua-p4","status":"publish","type":"post","link":"https:\/\/agora.xtec.cat\/ceipmdangels\/infantil\/pasqua-p4\/","title":{"rendered":"PASQUA P4"},"content":{"rendered":"<p>&nbsp;<\/p>\n<p>Aquesta \u00faltima setmana de trimestre a P4 hem celebrat la Pasqua. Hem realitzat algunes activitats a l&#8217;aula, aix\u00ed com tamb\u00e9 hem fet una <strong>Cacera d&#8217;ous de Pasqua<\/strong> de xocolata i hem fet la <strong>MONA<\/strong> rodona que ens hem menjat! Que bo tot!!<\/p>\n<p>Que gaudiu d&#8217;aquestes vacances i ens retrobem a la tornada! Bona Pasqua Mulasses i Lleons!!<\/p>\n<p>&nbsp;<\/p>\n<p><a href=\"https:\/\/agora.xtec.cat\/ceipmdangels\/wp-content\/uploads\/usu320\/2023\/03\/IMG_20230331_100949-scaled.jpg\"><img loading=\"lazy\" decoding=\"async\" class=\"aligncenter size-medium wp-image-7650\" src=\"https:\/\/agora.xtec.cat\/ceipmdangels\/wp-content\/uploads\/usu320\/2023\/03\/IMG_20230331_100949-300x225.jpg\" alt=\"\" width=\"300\" height=\"225\" srcset=\"https:\/\/agora.xtec.cat\/ceipmdangels\/wp-content\/uploads\/usu320\/2023\/03\/IMG_20230331_100949-300x225.jpg 300w, https:\/\/agora.xtec.cat\/ceipmdangels\/wp-content\/uploads\/usu320\/2023\/03\/IMG_20230331_100949-1024x768.jpg 1024w, https:\/\/agora.xtec.cat\/ceipmdangels\/wp-content\/uploads\/usu320\/2023\/03\/IMG_20230331_100949-768x576.jpg 768w, https:\/\/agora.xtec.cat\/ceipmdangels\/wp-content\/uploads\/usu320\/2023\/03\/IMG_20230331_100949-1536x1152.jpg 1536w, https:\/\/agora.xtec.cat\/ceipmdangels\/wp-content\/uploads\/usu320\/2023\/03\/IMG_20230331_100949-2048x1536.jpg 2048w, https:\/\/agora.xtec.cat\/ceipmdangels\/wp-content\/uploads\/usu320\/2023\/03\/IMG_20230331_100949-200x150.jpg 200w\" sizes=\"auto, (max-width: 300px) 100vw, 300px\" \/><\/a><a href=\"https:\/\/agora.xtec.cat\/ceipmdangels\/wp-content\/uploads\/usu320\/2023\/03\/1680256075152.jpg\"><br \/>\n<img loading=\"lazy\" decoding=\"async\" class=\"aligncenter size-medium wp-image-7651\" src=\"https:\/\/agora.xtec.cat\/ceipmdangels\/wp-content\/uploads\/usu320\/2023\/03\/1680256075152-300x225.jpg\" alt=\"\" width=\"300\" height=\"225\" srcset=\"https:\/\/agora.xtec.cat\/ceipmdangels\/wp-content\/uploads\/usu320\/2023\/03\/1680256075152-300x225.jpg 300w, https:\/\/agora.xtec.cat\/ceipmdangels\/wp-content\/uploads\/usu320\/2023\/03\/1680256075152-1024x768.jpg 1024w, https:\/\/agora.xtec.cat\/ceipmdangels\/wp-content\/uploads\/usu320\/2023\/03\/1680256075152-768x576.jpg 768w, https:\/\/agora.xtec.cat\/ceipmdangels\/wp-content\/uploads\/usu320\/2023\/03\/1680256075152-1536x1152.jpg 1536w, https:\/\/agora.xtec.cat\/ceipmdangels\/wp-content\/uploads\/usu320\/2023\/03\/1680256075152-200x150.jpg 200w, https:\/\/agora.xtec.cat\/ceipmdangels\/wp-content\/uploads\/usu320\/2023\/03\/1680256075152.jpg 1600w\" sizes=\"auto, (max-width: 300px) 100vw, 300px\" \/><\/a><\/p>\n<p><a href=\"https:\/\/photos.app.goo.gl\/41JXbrLVTcaB34Df6\">https:\/\/photos.app.goo.gl\/41JXbrLVTcaB34Df6<\/a><\/p>\n<p>&nbsp;<\/p>\n","protected":false},"excerpt":{"rendered":"<p>&nbsp;<br \/>\nAquesta \u00faltima setmana de trimestre a P4 hem celebrat la Pasqua. Hem realitzat algunes activitats a l&#8217;aula, aix\u00ed com tamb\u00e9 hem fet una Cacera d&#8217;ous de Pasqua de xocolata i hem fet la MONA rodona que ens hem menjat! Que bo tot!!<br \/>\nQue gaudiu d&#8217;aquestes vacances&hellip;  <a href=\"https:\/\/agora.xtec.cat\/ceipmdangels\/infantil\/pasqua-p4\/\" title=\"Read PASQUA P4\">Llegeix m\u00e9s\u00bb<\/a><\/p>\n","protected":false},"author":10,"featured_media":7651,"comment_status":"closed","ping_status":"closed","sticky":false,"template":"","format":"standard","meta":{"_bbp_topic_count":0,"_bbp_reply_count":0,"_bbp_total_topic_count":0,"_bbp_total_reply_count":0,"_bbp_voice_count":0,"_bbp_anonymous_reply_count":0,"_bbp_topic_count_hidden":0,"_bbp_reply_count_hidden":0,"_bbp_forum_subforum_count":0,"footnotes":""},"categories":[157,22,2,158,4],"tags":[],"class_list":["post-7636","post","type-post","status-publish","format-standard","has-post-thumbnail","hentry","category-bloc-daula-curs-22-23","category-educacio-infantil","category-infantil","category-p4-curs-22-23","category-portada"],"post_mailing_queue_ids":[],"_links":{"self":[{"href":"https:\/\/agora.xtec.cat\/ceipmdangels\/wp-json\/wp\/v2\/posts\/7636","targetHints":{"allow":["GET"]}}],"collection":[{"href":"https:\/\/agora.xtec.cat\/ceipmdangels\/wp-json\/wp\/v2\/posts"}],"about":[{"href":"https:\/\/agora.xtec.cat\/ceipmdangels\/wp-json\/wp\/v2\/types\/post"}],"author":[{"embeddable":true,"href":"https:\/\/agora.xtec.cat\/ceipmdangels\/wp-json\/wp\/v2\/users\/10"}],"replies":[{"embeddable":true,"href":"https:\/\/agora.xtec.cat\/ceipmdangels\/wp-json\/wp\/v2\/comments?post=7636"}],"version-history":[{"count":4,"href":"https:\/\/agora.xtec.cat\/ceipmdangels\/wp-json\/wp\/v2\/posts\/7636\/revisions"}],"predecessor-version":[{"id":7661,"href":"https:\/\/agora.xtec.cat\/ceipmdangels\/wp-json\/wp\/v2\/posts\/7636\/revisions\/7661"}],"wp:featuredmedia":[{"embeddable":true,"href":"https:\/\/agora.xtec.cat\/ceipmdangels\/wp-json\/wp\/v2\/media\/7651"}],"wp:attachment":[{"href":"https:\/\/agora.xtec.cat\/ceipmdangels\/wp-json\/wp\/v2\/media?parent=7636"}],"wp:term":[{"taxonomy":"category","embeddable":true,"href":"https:\/\/agora.xtec.cat\/ceipmdangels\/wp-json\/wp\/v2\/categories?post=7636"},{"taxonomy":"post_tag","embeddable":true,"href":"https:\/\/agora.xtec.cat\/ceipmdangels\/wp-json\/wp\/v2\/tags?post=7636"}],"curies":[{"name":"wp","href":"https:\/\/api.w.org\/{rel}","templated":true}]}}