{"id":7612,"date":"2023-03-24T13:47:25","date_gmt":"2023-03-24T12:47:25","guid":{"rendered":"https:\/\/agora.xtec.cat\/ceipmdangels\/?p=7612"},"modified":"2023-04-03T18:21:47","modified_gmt":"2023-04-03T16:21:47","slug":"visita-al-conservatori","status":"publish","type":"post","link":"https:\/\/agora.xtec.cat\/ceipmdangels\/portada\/visita-al-conservatori\/","title":{"rendered":"VISITA AL CONSERVATORI"},"content":{"rendered":"<p><a href=\"https:\/\/agora.xtec.cat\/ceipmdangels\/wp-content\/uploads\/usu320\/2023\/03\/WhatsApp-Image-2023-03-23-at-20.36.35-1.jpeg\"><img loading=\"lazy\" decoding=\"async\" class=\"aligncenter size-large wp-image-7618\" src=\"https:\/\/agora.xtec.cat\/ceipmdangels\/wp-content\/uploads\/usu320\/2023\/03\/WhatsApp-Image-2023-03-23-at-20.36.35-1-1024x473.jpeg\" alt=\"\" width=\"1024\" height=\"473\" srcset=\"https:\/\/agora.xtec.cat\/ceipmdangels\/wp-content\/uploads\/usu320\/2023\/03\/WhatsApp-Image-2023-03-23-at-20.36.35-1-1024x473.jpeg 1024w, https:\/\/agora.xtec.cat\/ceipmdangels\/wp-content\/uploads\/usu320\/2023\/03\/WhatsApp-Image-2023-03-23-at-20.36.35-1-300x139.jpeg 300w, https:\/\/agora.xtec.cat\/ceipmdangels\/wp-content\/uploads\/usu320\/2023\/03\/WhatsApp-Image-2023-03-23-at-20.36.35-1-768x355.jpeg 768w, https:\/\/agora.xtec.cat\/ceipmdangels\/wp-content\/uploads\/usu320\/2023\/03\/WhatsApp-Image-2023-03-23-at-20.36.35-1-1536x709.jpeg 1536w, https:\/\/agora.xtec.cat\/ceipmdangels\/wp-content\/uploads\/usu320\/2023\/03\/WhatsApp-Image-2023-03-23-at-20.36.35-1.jpeg 1992w\" sizes=\"auto, (max-width: 1024px) 100vw, 1024px\" \/><\/a>Ahir els nens i nenes de P5 van anar a fer una activitat al Conservatori de M\u00fasica de Tarragona. Va ser una experi\u00e8ncia molt bonica i, a m\u00e9s a m\u00e9s, ho van passar molt b\u00e9.<\/p>\n<p><a href=\"https:\/\/photos.app.goo.gl\/gvjtXQeFghBnnA4e7\">https:\/\/photos.app.goo.gl\/gvjtXQeFghBnnA4e7<\/a><\/p>\n","protected":false},"excerpt":{"rendered":"<p><a href=\"https:\/\/agora.xtec.cat\/ceipmdangels\/wp-content\/uploads\/usu320\/2023\/03\/WhatsApp-Image-2023-03-23-at-20.36.35-1.jpeg\"><\/a>Ahir els nens i nenes de P5 van anar a fer una activitat al Conservatori de M\u00fasica de Tarragona. Va ser una experi\u00e8ncia molt bonica i, a m\u00e9s a m\u00e9s, ho van passar molt b\u00e9.<br \/>\n<a href=\"https:\/\/photos.app.goo.gl\/gvjtXQeFghBnnA4e7\">https:\/\/photos.app.goo.gl\/gvjtXQeFghBnnA4e7<\/a><\/p>\n","protected":false},"author":11,"featured_media":0,"comment_status":"closed","ping_status":"closed","sticky":false,"template":"","format":"standard","meta":{"_bbp_topic_count":0,"_bbp_reply_count":0,"_bbp_total_topic_count":0,"_bbp_total_reply_count":0,"_bbp_voice_count":0,"_bbp_anonymous_reply_count":0,"_bbp_topic_count_hidden":0,"_bbp_reply_count_hidden":0,"_bbp_forum_subforum_count":0,"footnotes":""},"categories":[157,159,4],"tags":[],"class_list":["post-7612","post","type-post","status-publish","format-standard","hentry","category-bloc-daula-curs-22-23","category-p5-curs-22-23","category-portada"],"post_mailing_queue_ids":[],"_links":{"self":[{"href":"https:\/\/agora.xtec.cat\/ceipmdangels\/wp-json\/wp\/v2\/posts\/7612","targetHints":{"allow":["GET"]}}],"collection":[{"href":"https:\/\/agora.xtec.cat\/ceipmdangels\/wp-json\/wp\/v2\/posts"}],"about":[{"href":"https:\/\/agora.xtec.cat\/ceipmdangels\/wp-json\/wp\/v2\/types\/post"}],"author":[{"embeddable":true,"href":"https:\/\/agora.xtec.cat\/ceipmdangels\/wp-json\/wp\/v2\/users\/11"}],"replies":[{"embeddable":true,"href":"https:\/\/agora.xtec.cat\/ceipmdangels\/wp-json\/wp\/v2\/comments?post=7612"}],"version-history":[{"count":2,"href":"https:\/\/agora.xtec.cat\/ceipmdangels\/wp-json\/wp\/v2\/posts\/7612\/revisions"}],"predecessor-version":[{"id":7678,"href":"https:\/\/agora.xtec.cat\/ceipmdangels\/wp-json\/wp\/v2\/posts\/7612\/revisions\/7678"}],"wp:attachment":[{"href":"https:\/\/agora.xtec.cat\/ceipmdangels\/wp-json\/wp\/v2\/media?parent=7612"}],"wp:term":[{"taxonomy":"category","embeddable":true,"href":"https:\/\/agora.xtec.cat\/ceipmdangels\/wp-json\/wp\/v2\/categories?post=7612"},{"taxonomy":"post_tag","embeddable":true,"href":"https:\/\/agora.xtec.cat\/ceipmdangels\/wp-json\/wp\/v2\/tags?post=7612"}],"curies":[{"name":"wp","href":"https:\/\/api.w.org\/{rel}","templated":true}]}}