{"id":7600,"date":"2023-03-17T15:52:13","date_gmt":"2023-03-17T14:52:13","guid":{"rendered":"https:\/\/agora.xtec.cat\/ceipmdangels\/?p=7600"},"modified":"2023-04-03T18:22:12","modified_gmt":"2023-04-03T16:22:12","slug":"dia-internacional-de-la-dona-8-3-2023","status":"publish","type":"post","link":"https:\/\/agora.xtec.cat\/ceipmdangels\/general\/dia-internacional-de-la-dona-8-3-2023\/","title":{"rendered":"DIA INTERNACIONAL DE LA DONA 8\/3\/2023"},"content":{"rendered":"<p>El\u00a0<b>Dia Internacional de les Dones<\/b> se celebra el 8 de mar\u00e7 de cada any i est\u00e0 reconegut per l&#8217;Organitzaci\u00f3 de les Nacions Unides (l&#8217;ONU). \u00c9s un dia aprofitat tradicionalment per a reivindicar el feminisme denunciant el sexisme. Aquest dia commemora la lluita de les dones per la seva participaci\u00f3, juntament amb els homes, per aconseguir la igualtat en la nostra societat. La primera celebraci\u00f3 va tenir lloc el 19 de mar\u00e7 de 1911 a Alemanya, \u00c0ustria, Dinamarca i Su\u00efssa, i la seva commemoraci\u00f3 s&#8217;ha anat estenent, des de llavors, a molts altres estats.<!--more--><\/p>\n<p>A l&#8217;escola, cada classe, ha llegit alguns llibres de dones rellevants a la hist\u00f2ria i despr\u00e9s han elaborat un mural explicatiu. Durant uns dies s&#8217;ha pogut veure l&#8217;exposici\u00f3 a l&#8217;escola oberta a les fam\u00edlies.<\/p>\n<p>Donem les gr\u00e0cies a la Biblioteca Pepita Ferrer per cedir-nos la maleta amb els llibres que hem pogut treballar durant aquests dies.<\/p>\n<figure class=\"figure wp-caption alignnone\"><a href=\"https:\/\/photos.app.goo.gl\/aVgzunrHy9RBgkQ96\" target=\"_blank\" rel=\"noopener\"><img loading=\"lazy\" decoding=\"async\" class=\"wp-image-7601 size-medium\" src=\"https:\/\/agora.xtec.cat\/ceipmdangels\/wp-content\/uploads\/usu320\/2023\/03\/IMG_8635-300x225.jpg\" alt=\"\" width=\"300\" height=\"225\" srcset=\"https:\/\/agora.xtec.cat\/ceipmdangels\/wp-content\/uploads\/usu320\/2023\/03\/IMG_8635-300x225.jpg 300w, https:\/\/agora.xtec.cat\/ceipmdangels\/wp-content\/uploads\/usu320\/2023\/03\/IMG_8635-1024x768.jpg 1024w, https:\/\/agora.xtec.cat\/ceipmdangels\/wp-content\/uploads\/usu320\/2023\/03\/IMG_8635-768x576.jpg 768w, https:\/\/agora.xtec.cat\/ceipmdangels\/wp-content\/uploads\/usu320\/2023\/03\/IMG_8635-1536x1152.jpg 1536w, https:\/\/agora.xtec.cat\/ceipmdangels\/wp-content\/uploads\/usu320\/2023\/03\/IMG_8635-2048x1536.jpg 2048w, https:\/\/agora.xtec.cat\/ceipmdangels\/wp-content\/uploads\/usu320\/2023\/03\/IMG_8635-200x150.jpg 200w\" sizes=\"auto, (max-width: 300px) 100vw, 300px\" \/><\/a><figcaption class=\"wp-caption-text\">Clicla a sobre per veure tots els treballs<\/figcaption><\/figure>\n","protected":false},"excerpt":{"rendered":"<p>El\u00a0Dia Internacional de les Dones se celebra el 8 de mar\u00e7 de cada any i est\u00e0 reconegut per l&#8217;Organitzaci\u00f3 de les Nacions Unides (l&#8217;ONU). \u00c9s un dia aprofitat tradicionalment per a reivindicar el feminisme denunciant el sexisme. Aquest dia commemora la lluita de les dones&hellip;  <a href=\"https:\/\/agora.xtec.cat\/ceipmdangels\/general\/dia-internacional-de-la-dona-8-3-2023\/\" title=\"Read DIA INTERNACIONAL DE LA DONA 8\/3\/2023\">Llegeix m\u00e9s\u00bb<\/a><\/p>\n","protected":false},"author":1,"featured_media":0,"comment_status":"closed","ping_status":"closed","sticky":false,"template":"","format":"standard","meta":{"_bbp_topic_count":0,"_bbp_reply_count":0,"_bbp_total_topic_count":0,"_bbp_total_reply_count":0,"_bbp_voice_count":0,"_bbp_anonymous_reply_count":0,"_bbp_topic_count_hidden":0,"_bbp_reply_count_hidden":0,"_bbp_forum_subforum_count":0,"footnotes":""},"categories":[160,161,162,163,164,165,21,157,1,4],"tags":[],"class_list":["post-7600","post","type-post","status-publish","format-standard","hentry","category-1r-curs-22-23","category-2n-curs-22-23","category-3r-curs-22-23","category-4t-curs-22-23","category-5ep3-curs-22-23","category-6e-curs-22-23","category-activitats-comunes","category-bloc-daula-curs-22-23","category-general","category-portada"],"post_mailing_queue_ids":[],"_links":{"self":[{"href":"https:\/\/agora.xtec.cat\/ceipmdangels\/wp-json\/wp\/v2\/posts\/7600","targetHints":{"allow":["GET"]}}],"collection":[{"href":"https:\/\/agora.xtec.cat\/ceipmdangels\/wp-json\/wp\/v2\/posts"}],"about":[{"href":"https:\/\/agora.xtec.cat\/ceipmdangels\/wp-json\/wp\/v2\/types\/post"}],"author":[{"embeddable":true,"href":"https:\/\/agora.xtec.cat\/ceipmdangels\/wp-json\/wp\/v2\/users\/1"}],"replies":[{"embeddable":true,"href":"https:\/\/agora.xtec.cat\/ceipmdangels\/wp-json\/wp\/v2\/comments?post=7600"}],"version-history":[{"count":3,"href":"https:\/\/agora.xtec.cat\/ceipmdangels\/wp-json\/wp\/v2\/posts\/7600\/revisions"}],"predecessor-version":[{"id":7679,"href":"https:\/\/agora.xtec.cat\/ceipmdangels\/wp-json\/wp\/v2\/posts\/7600\/revisions\/7679"}],"wp:attachment":[{"href":"https:\/\/agora.xtec.cat\/ceipmdangels\/wp-json\/wp\/v2\/media?parent=7600"}],"wp:term":[{"taxonomy":"category","embeddable":true,"href":"https:\/\/agora.xtec.cat\/ceipmdangels\/wp-json\/wp\/v2\/categories?post=7600"},{"taxonomy":"post_tag","embeddable":true,"href":"https:\/\/agora.xtec.cat\/ceipmdangels\/wp-json\/wp\/v2\/tags?post=7600"}],"curies":[{"name":"wp","href":"https:\/\/api.w.org\/{rel}","templated":true}]}}