{"id":7418,"date":"2022-12-22T21:40:06","date_gmt":"2022-12-22T20:40:06","guid":{"rendered":"https:\/\/agora.xtec.cat\/ceipmdangels\/?p=7418"},"modified":"2023-03-31T20:42:57","modified_gmt":"2023-03-31T18:42:57","slug":"nadal-a-p4","status":"publish","type":"post","link":"https:\/\/agora.xtec.cat\/ceipmdangels\/infantil\/nadal-a-p4\/","title":{"rendered":"NADAL A P4"},"content":{"rendered":"<p>Els alumnes de P4 hem celebrat de valent el nadal: hem anat al centre c\u00edvic a veure &#8220;Els Pastorets&#8221;, hem fet compte enrere fins Nadal gr\u00e0cies al calendari d&#8217;advent (on cada dia obr\u00edem els seus missatges), hem fet un tastet de productes nadalencs, hem treballat vocabulari, hem fet manualitats, hem entregat la carta al patge reial (esperem que els reis ens portin molts regals) i com \u00e9s tradici\u00f3 hem fet cagar el ti\u00f3 picant-li ben fort amb el bast\u00f3!<\/p>\n<p>Us desitgem molt <strong><em>BONES FESTES DE NADAL!!<\/em><\/strong><\/p>\n<p>&nbsp;<\/p>\n<h4>P4-A: <a href=\"https:\/\/photos.app.goo.gl\/eP2u8ioP3KzLBkt8A\">https:\/\/photos.app.goo.gl\/eP2u8ioP3KzLBkt8A<\/a><\/h4>\n<h4 style=\"text-align: left\">P4-B:\u00a0<a href=\"https:\/\/photos.app.goo.gl\/xfbYhE1wmvaxmTBL9\">https:\/\/photos.app.goo.gl\/xfbYhE1wmvaxmTBL9<\/a><\/h4>\n<p>&nbsp;<\/p>\n<p>&nbsp;<\/p>\n<h4><iframe loading=\"lazy\" src=\"\/\/giphy.com\/embed\/24FRXoGHuV94vr6275\" width=\"480\" height=\"480\" frameborder=\"0\"><\/iframe><\/h4>\n<h4 style=\"text-align: left\"><\/h4>\n","protected":false},"excerpt":{"rendered":"<p>Els alumnes de P4 hem celebrat de valent el nadal: hem anat al centre c\u00edvic a veure &#8220;Els Pastorets&#8221;, hem fet compte enrere fins Nadal gr\u00e0cies al calendari d&#8217;advent (on cada dia obr\u00edem els seus missatges), hem fet un tastet de productes nadalencs, hem treballat&hellip;  <a href=\"https:\/\/agora.xtec.cat\/ceipmdangels\/infantil\/nadal-a-p4\/\" title=\"Read NADAL A P4\">Llegeix m\u00e9s\u00bb<\/a><\/p>\n","protected":false},"author":10,"featured_media":0,"comment_status":"closed","ping_status":"closed","sticky":false,"template":"","format":"standard","meta":{"_bbp_topic_count":0,"_bbp_reply_count":0,"_bbp_total_topic_count":0,"_bbp_total_reply_count":0,"_bbp_voice_count":0,"_bbp_anonymous_reply_count":0,"_bbp_topic_count_hidden":0,"_bbp_reply_count_hidden":0,"_bbp_forum_subforum_count":0,"footnotes":""},"categories":[157,22,2,41,158,4],"tags":[],"class_list":["post-7418","post","type-post","status-publish","format-standard","hentry","category-bloc-daula-curs-22-23","category-educacio-infantil","category-infantil","category-nadal","category-p4-curs-22-23","category-portada"],"post_mailing_queue_ids":[],"_links":{"self":[{"href":"https:\/\/agora.xtec.cat\/ceipmdangels\/wp-json\/wp\/v2\/posts\/7418","targetHints":{"allow":["GET"]}}],"collection":[{"href":"https:\/\/agora.xtec.cat\/ceipmdangels\/wp-json\/wp\/v2\/posts"}],"about":[{"href":"https:\/\/agora.xtec.cat\/ceipmdangels\/wp-json\/wp\/v2\/types\/post"}],"author":[{"embeddable":true,"href":"https:\/\/agora.xtec.cat\/ceipmdangels\/wp-json\/wp\/v2\/users\/10"}],"replies":[{"embeddable":true,"href":"https:\/\/agora.xtec.cat\/ceipmdangels\/wp-json\/wp\/v2\/comments?post=7418"}],"version-history":[{"count":4,"href":"https:\/\/agora.xtec.cat\/ceipmdangels\/wp-json\/wp\/v2\/posts\/7418\/revisions"}],"predecessor-version":[{"id":7666,"href":"https:\/\/agora.xtec.cat\/ceipmdangels\/wp-json\/wp\/v2\/posts\/7418\/revisions\/7666"}],"wp:attachment":[{"href":"https:\/\/agora.xtec.cat\/ceipmdangels\/wp-json\/wp\/v2\/media?parent=7418"}],"wp:term":[{"taxonomy":"category","embeddable":true,"href":"https:\/\/agora.xtec.cat\/ceipmdangels\/wp-json\/wp\/v2\/categories?post=7418"},{"taxonomy":"post_tag","embeddable":true,"href":"https:\/\/agora.xtec.cat\/ceipmdangels\/wp-json\/wp\/v2\/tags?post=7418"}],"curies":[{"name":"wp","href":"https:\/\/api.w.org\/{rel}","templated":true}]}}