{"id":7391,"date":"2022-12-20T13:26:26","date_gmt":"2022-12-20T12:26:26","guid":{"rendered":"https:\/\/agora.xtec.cat\/ceipmdangels\/?p=7391"},"modified":"2023-03-31T21:09:16","modified_gmt":"2023-03-31T19:09:16","slug":"festival-de-nadal-educacio-infantil","status":"publish","type":"post","link":"https:\/\/agora.xtec.cat\/ceipmdangels\/portada\/festival-de-nadal-educacio-infantil\/","title":{"rendered":"FESTIVAL DE NADAL EDUCACI\u00d3 INFANTIL"},"content":{"rendered":"<p>Ja tenim aqu\u00ed als m\u00e9s petits i petites de l&#8217;escola Els \u00c0ngels. Podeu veure les fotos del grup i el v\u00eddeo de l&#8217;actuaci\u00f3 del Festival de Nadal. Esperem que tingueu un bon record d&#8217;aquest dia, ja que ho van fer tots SUPER B\u00c9!!!<\/p>\n<p>Cliqueu sobre la imatge de l&#8217;ARBRE!<\/p>\n<p><a href=\"https:\/\/photos.app.goo.gl\/T7G9bRZpLTsjqDSv5\"><img loading=\"lazy\" decoding=\"async\" class=\" wp-image-7393\" src=\"https:\/\/agora.xtec.cat\/ceipmdangels\/wp-content\/uploads\/usu320\/2022\/12\/IMG_20221201_114714_edit_62338767542561-729x1024.jpg\" alt=\"\" width=\"313\" height=\"440\" srcset=\"https:\/\/agora.xtec.cat\/ceipmdangels\/wp-content\/uploads\/usu320\/2022\/12\/IMG_20221201_114714_edit_62338767542561-729x1024.jpg 729w, https:\/\/agora.xtec.cat\/ceipmdangels\/wp-content\/uploads\/usu320\/2022\/12\/IMG_20221201_114714_edit_62338767542561-214x300.jpg 214w, https:\/\/agora.xtec.cat\/ceipmdangels\/wp-content\/uploads\/usu320\/2022\/12\/IMG_20221201_114714_edit_62338767542561-768x1079.jpg 768w, https:\/\/agora.xtec.cat\/ceipmdangels\/wp-content\/uploads\/usu320\/2022\/12\/IMG_20221201_114714_edit_62338767542561-1094x1536.jpg 1094w, https:\/\/agora.xtec.cat\/ceipmdangels\/wp-content\/uploads\/usu320\/2022\/12\/IMG_20221201_114714_edit_62338767542561-1458x2048.jpg 1458w, https:\/\/agora.xtec.cat\/ceipmdangels\/wp-content\/uploads\/usu320\/2022\/12\/IMG_20221201_114714_edit_62338767542561-scaled.jpg 1823w\" sizes=\"auto, (max-width: 313px) 100vw, 313px\" \/><\/a><\/p>\n<p style=\"text-align: center\">\n","protected":false},"excerpt":{"rendered":"<p>Ja tenim aqu\u00ed als m\u00e9s petits i petites de l&#8217;escola Els \u00c0ngels. Podeu veure les fotos del grup i el v\u00eddeo de l&#8217;actuaci\u00f3 del Festival de Nadal. Esperem que tingueu un bon record d&#8217;aquest dia, ja que ho van fer tots SUPER B\u00c9!!!<br \/>\nCliqueu sobre la&hellip;  <a href=\"https:\/\/agora.xtec.cat\/ceipmdangels\/portada\/festival-de-nadal-educacio-infantil\/\" title=\"Read FESTIVAL DE NADAL EDUCACI\u00d3 INFANTIL\">Llegeix m\u00e9s\u00bb<\/a><\/p>\n","protected":false},"author":10,"featured_media":0,"comment_status":"closed","ping_status":"closed","sticky":false,"template":"","format":"standard","meta":{"_bbp_topic_count":0,"_bbp_reply_count":0,"_bbp_total_topic_count":0,"_bbp_total_reply_count":0,"_bbp_voice_count":0,"_bbp_anonymous_reply_count":0,"_bbp_topic_count_hidden":0,"_bbp_reply_count_hidden":0,"_bbp_forum_subforum_count":0,"footnotes":""},"categories":[157,22,41,156,158,159,4],"tags":[],"class_list":["post-7391","post","type-post","status-publish","format-standard","hentry","category-bloc-daula-curs-22-23","category-educacio-infantil","category-nadal","category-p3-curs-22-23","category-p4-curs-22-23","category-p5-curs-22-23","category-portada"],"post_mailing_queue_ids":[],"_links":{"self":[{"href":"https:\/\/agora.xtec.cat\/ceipmdangels\/wp-json\/wp\/v2\/posts\/7391","targetHints":{"allow":["GET"]}}],"collection":[{"href":"https:\/\/agora.xtec.cat\/ceipmdangels\/wp-json\/wp\/v2\/posts"}],"about":[{"href":"https:\/\/agora.xtec.cat\/ceipmdangels\/wp-json\/wp\/v2\/types\/post"}],"author":[{"embeddable":true,"href":"https:\/\/agora.xtec.cat\/ceipmdangels\/wp-json\/wp\/v2\/users\/10"}],"replies":[{"embeddable":true,"href":"https:\/\/agora.xtec.cat\/ceipmdangels\/wp-json\/wp\/v2\/comments?post=7391"}],"version-history":[{"count":4,"href":"https:\/\/agora.xtec.cat\/ceipmdangels\/wp-json\/wp\/v2\/posts\/7391\/revisions"}],"predecessor-version":[{"id":7667,"href":"https:\/\/agora.xtec.cat\/ceipmdangels\/wp-json\/wp\/v2\/posts\/7391\/revisions\/7667"}],"wp:attachment":[{"href":"https:\/\/agora.xtec.cat\/ceipmdangels\/wp-json\/wp\/v2\/media?parent=7391"}],"wp:term":[{"taxonomy":"category","embeddable":true,"href":"https:\/\/agora.xtec.cat\/ceipmdangels\/wp-json\/wp\/v2\/categories?post=7391"},{"taxonomy":"post_tag","embeddable":true,"href":"https:\/\/agora.xtec.cat\/ceipmdangels\/wp-json\/wp\/v2\/tags?post=7391"}],"curies":[{"name":"wp","href":"https:\/\/api.w.org\/{rel}","templated":true}]}}