{"id":7229,"date":"2022-11-02T09:12:59","date_gmt":"2022-11-02T08:12:59","guid":{"rendered":"https:\/\/agora.xtec.cat\/ceipmdangels\/?p=7229"},"modified":"2022-11-02T09:22:44","modified_gmt":"2022-11-02T08:22:44","slug":"sortida-al-delta-3r","status":"publish","type":"post","link":"https:\/\/agora.xtec.cat\/ceipmdangels\/portada\/sortida-al-delta-3r\/","title":{"rendered":"SORTIDA AL DELTA, 3R"},"content":{"rendered":"<p><span style=\"font-family: Arial, sans-serif;\">El dia 21 d\u2019octubre, tot 3r hem anat al Delta de l\u2019Ebre. <\/span><span style=\"font-family: Arial, sans-serif;\">En Ramon ens va ensenyar a distingir diferents aus que hi han al Delta: per l\u2019aspecte exterior, per la forma del bec, qu\u00e8 mengen, on viuen, com s\u00f3n els seus nius i les migracions d\u2019algunes aus. \u00c9s un espai protegit. <\/span><span style=\"font-family: Arial, sans-serif;\">Despr\u00e9s van veure, mitjan\u00e7ant prism\u00e0tics, diferents col\u00f2nies d\u2019aus que hi ha (flamencs, bernat pescaire, cames llarges, \u00e0nec coll verd,&#8230;) Emocionant!!<\/span><!--more--><\/p>\n<p><span style=\"font-family: Arial, sans-serif;\">En acabar, vam muntar en barques amb perxa. <\/span><span style=\"font-family: Arial, sans-serif;\">M\u00e9s tard vam anar veure en una sala un v\u00eddeo de com va canviant el Delta segons l\u2019estaci\u00f3 de l\u2019any. <\/span><span style=\"font-family: Arial, sans-serif;\">Despr\u00e9s vam passar davant de les salines i ens va explicar l\u2019Alex la hist\u00f2ria d\u2019un pirata que, fa molts anys, va estar en aquest indret. <\/span><\/p>\n<p><span style=\"font-family: Arial, sans-serif;\">Ha sigut una experi\u00e8ncia molt interessant i hem conegut un grup d\u2019animals (les aus), que estem treballant en classe. Els ha encantat aquesta sortida.<\/span><\/p>\n<figure class=\"figure wp-caption alignnone\"><a href=\"https:\/\/photos.app.goo.gl\/ZegfcqWxLA2KBa1W8\" target=\"_blank\" rel=\"noopener\"><img loading=\"lazy\" decoding=\"async\" class=\"wp-image-7230 size-medium\" src=\"https:\/\/agora.xtec.cat\/ceipmdangels\/wp-content\/uploads\/usu320\/2022\/11\/20221021_123829-300x225.jpg\" alt=\"\" width=\"300\" height=\"225\" srcset=\"https:\/\/agora.xtec.cat\/ceipmdangels\/wp-content\/uploads\/usu320\/2022\/11\/20221021_123829-300x225.jpg 300w, https:\/\/agora.xtec.cat\/ceipmdangels\/wp-content\/uploads\/usu320\/2022\/11\/20221021_123829-1024x768.jpg 1024w, https:\/\/agora.xtec.cat\/ceipmdangels\/wp-content\/uploads\/usu320\/2022\/11\/20221021_123829-768x576.jpg 768w, https:\/\/agora.xtec.cat\/ceipmdangels\/wp-content\/uploads\/usu320\/2022\/11\/20221021_123829-1536x1152.jpg 1536w, https:\/\/agora.xtec.cat\/ceipmdangels\/wp-content\/uploads\/usu320\/2022\/11\/20221021_123829-2048x1536.jpg 2048w, https:\/\/agora.xtec.cat\/ceipmdangels\/wp-content\/uploads\/usu320\/2022\/11\/20221021_123829-200x150.jpg 200w\" sizes=\"auto, (max-width: 300px) 100vw, 300px\" \/><\/a><figcaption class=\"wp-caption-text\">Clica a sobre per veure les fotos<\/figcaption><\/figure>\n","protected":false},"excerpt":{"rendered":"<p>El dia 21 d\u2019octubre, tot 3r hem anat al Delta de l\u2019Ebre. En Ramon ens va ensenyar a distingir diferents aus que hi han al Delta: per l\u2019aspecte exterior, per la forma del bec, qu\u00e8 mengen, on viuen, com s\u00f3n els seus nius i les&hellip;  <a href=\"https:\/\/agora.xtec.cat\/ceipmdangels\/portada\/sortida-al-delta-3r\/\" title=\"Read SORTIDA AL DELTA, 3R\">Llegeix m\u00e9s\u00bb<\/a><\/p>\n","protected":false},"author":1,"featured_media":0,"comment_status":"closed","ping_status":"closed","sticky":false,"template":"","format":"standard","meta":{"_bbp_topic_count":0,"_bbp_reply_count":0,"_bbp_total_topic_count":0,"_bbp_total_reply_count":0,"_bbp_voice_count":0,"_bbp_anonymous_reply_count":0,"_bbp_topic_count_hidden":0,"_bbp_reply_count_hidden":0,"_bbp_forum_subforum_count":0,"footnotes":""},"categories":[162,157,4],"tags":[],"class_list":["post-7229","post","type-post","status-publish","format-standard","hentry","category-3r-curs-22-23","category-bloc-daula-curs-22-23","category-portada"],"post_mailing_queue_ids":[],"_links":{"self":[{"href":"https:\/\/agora.xtec.cat\/ceipmdangels\/wp-json\/wp\/v2\/posts\/7229","targetHints":{"allow":["GET"]}}],"collection":[{"href":"https:\/\/agora.xtec.cat\/ceipmdangels\/wp-json\/wp\/v2\/posts"}],"about":[{"href":"https:\/\/agora.xtec.cat\/ceipmdangels\/wp-json\/wp\/v2\/types\/post"}],"author":[{"embeddable":true,"href":"https:\/\/agora.xtec.cat\/ceipmdangels\/wp-json\/wp\/v2\/users\/1"}],"replies":[{"embeddable":true,"href":"https:\/\/agora.xtec.cat\/ceipmdangels\/wp-json\/wp\/v2\/comments?post=7229"}],"version-history":[{"count":3,"href":"https:\/\/agora.xtec.cat\/ceipmdangels\/wp-json\/wp\/v2\/posts\/7229\/revisions"}],"predecessor-version":[{"id":7240,"href":"https:\/\/agora.xtec.cat\/ceipmdangels\/wp-json\/wp\/v2\/posts\/7229\/revisions\/7240"}],"wp:attachment":[{"href":"https:\/\/agora.xtec.cat\/ceipmdangels\/wp-json\/wp\/v2\/media?parent=7229"}],"wp:term":[{"taxonomy":"category","embeddable":true,"href":"https:\/\/agora.xtec.cat\/ceipmdangels\/wp-json\/wp\/v2\/categories?post=7229"},{"taxonomy":"post_tag","embeddable":true,"href":"https:\/\/agora.xtec.cat\/ceipmdangels\/wp-json\/wp\/v2\/tags?post=7229"}],"curies":[{"name":"wp","href":"https:\/\/api.w.org\/{rel}","templated":true}]}}