{"id":7226,"date":"2022-11-02T09:07:36","date_gmt":"2022-11-02T08:07:36","guid":{"rendered":"https:\/\/agora.xtec.cat\/ceipmdangels\/?p=7226"},"modified":"2022-11-02T09:23:16","modified_gmt":"2022-11-02T08:23:16","slug":"3r-projecte-la-bicicleta","status":"publish","type":"post","link":"https:\/\/agora.xtec.cat\/ceipmdangels\/portada\/3r-projecte-la-bicicleta\/","title":{"rendered":"3r PROJECTE LA BICICLETA"},"content":{"rendered":"<p><span style=\"font-family: Arial, sans-serif;\">Les setmanes compreses entre el 3 i el 14 d\u2019octubre, \u00a0hem fet el projecte \u00abLA BICICLETA\u00bb, on hem treballat diferents \u00e0rees del curr\u00edculum.<\/span><\/p>\n<p><span style=\"font-family: Arial, sans-serif;\">Per acabar, vam fer un circuit amb les bicicletes que els alumnes van portar, alguns a m\u00e9s, ben equipats amb el casc. S\u2019ho van passar genial!\u00a0<\/span><!--more--><\/p>\n<p><span style=\"font-family: Arial, sans-serif;\">Hem de donar les gr\u00e0cies al mestre d\u2019educaci\u00f3 f\u00edsica, l\u2019Anton, que va muntar el circuit, i a l\u2019H\u00e8ctor que, el dia abans ens va ensenyar, pe\u00e7a a pe\u00e7a, dos models diferents de bicicletes (una de muntanya i l\u2019altra de carreres).<\/span><\/p>\n<p><a href=\"https:\/\/photos.app.goo.gl\/eWnU8FjXWysn8VFv5\" target=\"_blank\" rel=\"noopener\">CLICA AQU\u00cd PER VEURE LES FOTOS<\/a><\/p>\n","protected":false},"excerpt":{"rendered":"<p>Les setmanes compreses entre el 3 i el 14 d\u2019octubre, \u00a0hem fet el projecte \u00abLA BICICLETA\u00bb, on hem treballat diferents \u00e0rees del curr\u00edculum.<br \/>\nPer acabar, vam fer un circuit amb les bicicletes que els alumnes van portar, alguns a m\u00e9s, ben equipats amb el casc. S\u2019ho&hellip;  <a href=\"https:\/\/agora.xtec.cat\/ceipmdangels\/portada\/3r-projecte-la-bicicleta\/\" title=\"Read 3r PROJECTE LA BICICLETA\">Llegeix m\u00e9s\u00bb<\/a><\/p>\n","protected":false},"author":1,"featured_media":0,"comment_status":"closed","ping_status":"closed","sticky":false,"template":"","format":"standard","meta":{"_bbp_topic_count":0,"_bbp_reply_count":0,"_bbp_total_topic_count":0,"_bbp_total_reply_count":0,"_bbp_voice_count":0,"_bbp_anonymous_reply_count":0,"_bbp_topic_count_hidden":0,"_bbp_reply_count_hidden":0,"_bbp_forum_subforum_count":0,"footnotes":""},"categories":[162,157,4],"tags":[],"class_list":["post-7226","post","type-post","status-publish","format-standard","hentry","category-3r-curs-22-23","category-bloc-daula-curs-22-23","category-portada"],"post_mailing_queue_ids":[],"_links":{"self":[{"href":"https:\/\/agora.xtec.cat\/ceipmdangels\/wp-json\/wp\/v2\/posts\/7226","targetHints":{"allow":["GET"]}}],"collection":[{"href":"https:\/\/agora.xtec.cat\/ceipmdangels\/wp-json\/wp\/v2\/posts"}],"about":[{"href":"https:\/\/agora.xtec.cat\/ceipmdangels\/wp-json\/wp\/v2\/types\/post"}],"author":[{"embeddable":true,"href":"https:\/\/agora.xtec.cat\/ceipmdangels\/wp-json\/wp\/v2\/users\/1"}],"replies":[{"embeddable":true,"href":"https:\/\/agora.xtec.cat\/ceipmdangels\/wp-json\/wp\/v2\/comments?post=7226"}],"version-history":[{"count":3,"href":"https:\/\/agora.xtec.cat\/ceipmdangels\/wp-json\/wp\/v2\/posts\/7226\/revisions"}],"predecessor-version":[{"id":7241,"href":"https:\/\/agora.xtec.cat\/ceipmdangels\/wp-json\/wp\/v2\/posts\/7226\/revisions\/7241"}],"wp:attachment":[{"href":"https:\/\/agora.xtec.cat\/ceipmdangels\/wp-json\/wp\/v2\/media?parent=7226"}],"wp:term":[{"taxonomy":"category","embeddable":true,"href":"https:\/\/agora.xtec.cat\/ceipmdangels\/wp-json\/wp\/v2\/categories?post=7226"},{"taxonomy":"post_tag","embeddable":true,"href":"https:\/\/agora.xtec.cat\/ceipmdangels\/wp-json\/wp\/v2\/tags?post=7226"}],"curies":[{"name":"wp","href":"https:\/\/api.w.org\/{rel}","templated":true}]}}