{"id":6921,"date":"2022-06-01T11:29:51","date_gmt":"2022-06-01T09:29:51","guid":{"rendered":"https:\/\/agora.xtec.cat\/ceipmdangels\/?p=6921"},"modified":"2022-06-01T11:29:51","modified_gmt":"2022-06-01T09:29:51","slug":"activitats-3r-trimestre-p3","status":"publish","type":"post","link":"https:\/\/agora.xtec.cat\/ceipmdangels\/infantil\/activitats-3r-trimestre-p3\/","title":{"rendered":"ACTIVITATS 3R TRIMESTRE P3"},"content":{"rendered":"<p>Us deixem l&#8217;enlla\u00e7 amb les activitats que hem anat realitzant amb els m\u00e9s petits de l&#8217;escola durant aquest \u00faltim trimestre del curs. Esperem que gaudiu veient-les amb els vostres fills i filles. Els nens i nenes de la classe de les \u00c0ligues i les Cucaferes ja s&#8217;han fet grans, i estant preparad\u00edssims per passar a P4. Que passeu bones vacanes i BON ESTIU!<\/p>\n<h3>P3 A : \u00a0\u00a0<a href=\"https:\/\/photos.app.goo.gl\/VaUE4gnv7XYnTbjX6\">https:\/\/photos.app.goo.gl\/VaUE4gnv7XYnTbjX6<\/a><\/h3>\n<p>&nbsp;<\/p>\n<h3>P3B:\u00a0\u00a0<a href=\"https:\/\/photos.app.goo.gl\/oA9CcUwBoyYbYb4u6\">https:\/\/photos.app.goo.gl\/oA9CcUwBoyYbYb4u6<\/a><\/h3>\n","protected":false},"excerpt":{"rendered":"<p>Us deixem l&#8217;enlla\u00e7 amb les activitats que hem anat realitzant amb els m\u00e9s petits de l&#8217;escola durant aquest \u00faltim trimestre del curs. Esperem que gaudiu veient-les amb els vostres fills i filles. Els nens i nenes de la classe de les \u00c0ligues i les Cucaferes&hellip;  <a href=\"https:\/\/agora.xtec.cat\/ceipmdangels\/infantil\/activitats-3r-trimestre-p3\/\" title=\"Read ACTIVITATS 3R TRIMESTRE P3\">Llegeix m\u00e9s\u00bb<\/a><\/p>\n","protected":false},"author":9,"featured_media":0,"comment_status":"closed","ping_status":"closed","sticky":false,"template":"","format":"standard","meta":{"_bbp_topic_count":0,"_bbp_reply_count":0,"_bbp_total_topic_count":0,"_bbp_total_reply_count":0,"_bbp_voice_count":0,"_bbp_anonymous_reply_count":0,"_bbp_topic_count_hidden":0,"_bbp_reply_count_hidden":0,"_bbp_forum_subforum_count":0,"footnotes":""},"categories":[135,2,137,4],"tags":[],"class_list":["post-6921","post","type-post","status-publish","format-standard","hentry","category-bloc-daula-2021-22","category-infantil","category-p3-curs-21-22","category-portada"],"post_mailing_queue_ids":[],"_links":{"self":[{"href":"https:\/\/agora.xtec.cat\/ceipmdangels\/wp-json\/wp\/v2\/posts\/6921","targetHints":{"allow":["GET"]}}],"collection":[{"href":"https:\/\/agora.xtec.cat\/ceipmdangels\/wp-json\/wp\/v2\/posts"}],"about":[{"href":"https:\/\/agora.xtec.cat\/ceipmdangels\/wp-json\/wp\/v2\/types\/post"}],"author":[{"embeddable":true,"href":"https:\/\/agora.xtec.cat\/ceipmdangels\/wp-json\/wp\/v2\/users\/9"}],"replies":[{"embeddable":true,"href":"https:\/\/agora.xtec.cat\/ceipmdangels\/wp-json\/wp\/v2\/comments?post=6921"}],"version-history":[{"count":1,"href":"https:\/\/agora.xtec.cat\/ceipmdangels\/wp-json\/wp\/v2\/posts\/6921\/revisions"}],"predecessor-version":[{"id":6922,"href":"https:\/\/agora.xtec.cat\/ceipmdangels\/wp-json\/wp\/v2\/posts\/6921\/revisions\/6922"}],"wp:attachment":[{"href":"https:\/\/agora.xtec.cat\/ceipmdangels\/wp-json\/wp\/v2\/media?parent=6921"}],"wp:term":[{"taxonomy":"category","embeddable":true,"href":"https:\/\/agora.xtec.cat\/ceipmdangels\/wp-json\/wp\/v2\/categories?post=6921"},{"taxonomy":"post_tag","embeddable":true,"href":"https:\/\/agora.xtec.cat\/ceipmdangels\/wp-json\/wp\/v2\/tags?post=6921"}],"curies":[{"name":"wp","href":"https:\/\/api.w.org\/{rel}","templated":true}]}}