{"id":6649,"date":"2022-04-25T12:34:53","date_gmt":"2022-04-25T10:34:53","guid":{"rendered":"https:\/\/agora.xtec.cat\/ceipmdangels\/?p=6649"},"modified":"2022-04-25T12:34:53","modified_gmt":"2022-04-25T10:34:53","slug":"sortida-a-miravet-5e","status":"publish","type":"post","link":"https:\/\/agora.xtec.cat\/ceipmdangels\/portada\/sortida-a-miravet-5e\/","title":{"rendered":"Sortida a Miravet, 5\u00e8"},"content":{"rendered":"<p>L&#8217;alumant de 5\u00e8 ha anat al Castell de Miravet. Una fortalesa templera del segle XII, construida sobre un tur\u00f3 que\u00a0controla tot el territori, el riu Ebre que passa pels seus peus i domina tota la\u00a0poblaci\u00f3 de Miravet.<\/p>\n<figure class=\"figure wp-caption alignleft\"><a href=\"https:\/\/photos.app.goo.gl\/Y4AdUxHPXZpbZ4Ae6\"><img loading=\"lazy\" decoding=\"async\" class=\"wp-image-6650 \" src=\"https:\/\/agora.xtec.cat\/ceipmdangels\/wp-content\/uploads\/usu320\/2022\/04\/Miravet-5e-21-22PHOTO-2022-04-22-13-27-04-300x135.jpg\" alt=\"\" width=\"362\" height=\"163\" srcset=\"https:\/\/agora.xtec.cat\/ceipmdangels\/wp-content\/uploads\/usu320\/2022\/04\/Miravet-5e-21-22PHOTO-2022-04-22-13-27-04-300x135.jpg 300w, https:\/\/agora.xtec.cat\/ceipmdangels\/wp-content\/uploads\/usu320\/2022\/04\/Miravet-5e-21-22PHOTO-2022-04-22-13-27-04-1024x461.jpg 1024w, https:\/\/agora.xtec.cat\/ceipmdangels\/wp-content\/uploads\/usu320\/2022\/04\/Miravet-5e-21-22PHOTO-2022-04-22-13-27-04-768x346.jpg 768w, https:\/\/agora.xtec.cat\/ceipmdangels\/wp-content\/uploads\/usu320\/2022\/04\/Miravet-5e-21-22PHOTO-2022-04-22-13-27-04-1536x691.jpg 1536w, https:\/\/agora.xtec.cat\/ceipmdangels\/wp-content\/uploads\/usu320\/2022\/04\/Miravet-5e-21-22PHOTO-2022-04-22-13-27-04.jpg 1600w\" sizes=\"auto, (max-width: 362px) 100vw, 362px\" \/><\/a><figcaption class=\"wp-caption-text\">Cliqueu sobre la foto per veure l&#8217;\u00e0lbum<\/figcaption><\/figure>\n","protected":false},"excerpt":{"rendered":"<p>L&#8217;alumant de 5\u00e8 ha anat al Castell de Miravet. Una fortalesa templera del segle XII, construida sobre un tur\u00f3 que\u00a0controla tot el territori, el riu Ebre que passa pels seus peus i domina tota la\u00a0poblaci\u00f3 de Miravet.<br \/>\n<a href=\"https:\/\/photos.app.goo.gl\/Y4AdUxHPXZpbZ4Ae6\"><\/a>Cliqueu sobre la foto per veure l&#8217;\u00e0lbum<\/p>\n","protected":false},"author":1,"featured_media":0,"comment_status":"closed","ping_status":"closed","sticky":false,"template":"","format":"standard","meta":{"_bbp_topic_count":0,"_bbp_reply_count":0,"_bbp_total_topic_count":0,"_bbp_total_reply_count":0,"_bbp_voice_count":0,"_bbp_anonymous_reply_count":0,"_bbp_topic_count_hidden":0,"_bbp_reply_count_hidden":0,"_bbp_forum_subforum_count":0,"footnotes":""},"categories":[145,135,4],"tags":[],"class_list":["post-6649","post","type-post","status-publish","format-standard","hentry","category-5e-curs-21-22","category-bloc-daula-2021-22","category-portada"],"post_mailing_queue_ids":[],"_links":{"self":[{"href":"https:\/\/agora.xtec.cat\/ceipmdangels\/wp-json\/wp\/v2\/posts\/6649","targetHints":{"allow":["GET"]}}],"collection":[{"href":"https:\/\/agora.xtec.cat\/ceipmdangels\/wp-json\/wp\/v2\/posts"}],"about":[{"href":"https:\/\/agora.xtec.cat\/ceipmdangels\/wp-json\/wp\/v2\/types\/post"}],"author":[{"embeddable":true,"href":"https:\/\/agora.xtec.cat\/ceipmdangels\/wp-json\/wp\/v2\/users\/1"}],"replies":[{"embeddable":true,"href":"https:\/\/agora.xtec.cat\/ceipmdangels\/wp-json\/wp\/v2\/comments?post=6649"}],"version-history":[{"count":1,"href":"https:\/\/agora.xtec.cat\/ceipmdangels\/wp-json\/wp\/v2\/posts\/6649\/revisions"}],"predecessor-version":[{"id":6651,"href":"https:\/\/agora.xtec.cat\/ceipmdangels\/wp-json\/wp\/v2\/posts\/6649\/revisions\/6651"}],"wp:attachment":[{"href":"https:\/\/agora.xtec.cat\/ceipmdangels\/wp-json\/wp\/v2\/media?parent=6649"}],"wp:term":[{"taxonomy":"category","embeddable":true,"href":"https:\/\/agora.xtec.cat\/ceipmdangels\/wp-json\/wp\/v2\/categories?post=6649"},{"taxonomy":"post_tag","embeddable":true,"href":"https:\/\/agora.xtec.cat\/ceipmdangels\/wp-json\/wp\/v2\/tags?post=6649"}],"curies":[{"name":"wp","href":"https:\/\/api.w.org\/{rel}","templated":true}]}}