{"id":616,"date":"2015-04-30T11:18:55","date_gmt":"2015-04-30T09:18:55","guid":{"rendered":"http:\/\/www.escolaelsangels.cat\/?p=616"},"modified":"2022-04-21T15:53:19","modified_gmt":"2022-04-21T13:53:19","slug":"sortida-al-museu-dart-modern-4t","status":"publish","type":"post","link":"https:\/\/agora.xtec.cat\/ceipmdangels\/portada\/sortida-al-museu-dart-modern-4t\/","title":{"rendered":"Sortida al Museu d&#8217;art modern 4t"},"content":{"rendered":"<p>Durant el mes de mar\u00e7 els alumnes de 4t varen visitar el Museu d&#8217;Art Modern de Tarragona per tal de con\u00e8ixer l&#8217;obra de Joan Mir\u00f3 i concretament els tapissos que en formen part. A m\u00e9s, van realitzar uns tallers art\u00edstics dirigits per les responsables de l&#8217;entitat cultural esmentada.<br \/>\nFou una jornada d&#8217;all\u00f2 m\u00e9s profitosa i motivadora per a tots.<\/p>\n<table style=\"width:194px;\">\n<tr>\n<td align=\"center\" style=\"height:194px;background:url(https:\/\/www.gstatic.com\/pwa\/s\/v\/lighthousefe_20150907.00_p0\/transparent_album_background.gif) no-repeat left\"><a href=\"https:\/\/picasaweb.google.com\/104150209654147348409\/MuseuDArtModern?authuser=0&#038;feat=embedwebsite\"><img loading=\"lazy\" decoding=\"async\" src=\"https:\/\/lh3.googleusercontent.com\/-E1AzMIWYjKs\/Vh-JYKlvKRE\/AAAAAAAAATU\/JyQIv8eHxlA\/s160-c-Ic42\/MuseuDArtModern.jpg\" width=\"160\" height=\"160\" style=\"margin:1px 0 0 4px;\"><\/a><\/td>\n<\/tr>\n<tr>\n<td style=\"text-align:center;font-family:arial,sans-serif;font-size:11px\"><a href=\"https:\/\/picasaweb.google.com\/104150209654147348409\/MuseuDArtModern?authuser=0&#038;feat=embedwebsite\" style=\"color:#4D4D4D;font-weight:bold;text-decoration:none;\">Museu d&#39;Art Modern<\/a><\/td>\n<\/tr>\n<\/table>\n","protected":false},"excerpt":{"rendered":"<p>Durant el mes de mar\u00e7 els alumnes de 4t varen visitar el Museu d&#8217;Art Modern de Tarragona per tal de con\u00e8ixer l&#8217;obra de Joan Mir\u00f3 i concretament els tapissos que en formen part. A m\u00e9s, van realitzar uns tallers art\u00edstics dirigits per les responsables de&hellip;  <a href=\"https:\/\/agora.xtec.cat\/ceipmdangels\/portada\/sortida-al-museu-dart-modern-4t\/\" title=\"Read Sortida al Museu d&#8217;art modern 4t\">Llegeix m\u00e9s\u00bb<\/a><\/p>\n","protected":false},"author":5,"featured_media":0,"comment_status":"closed","ping_status":"open","sticky":false,"template":"","format":"standard","meta":{"_bbp_topic_count":0,"_bbp_reply_count":0,"_bbp_total_topic_count":0,"_bbp_total_reply_count":0,"_bbp_voice_count":0,"_bbp_anonymous_reply_count":0,"_bbp_topic_count_hidden":0,"_bbp_reply_count_hidden":0,"_bbp_forum_subforum_count":0,"footnotes":""},"categories":[24,151,4],"tags":[],"class_list":["post-616","post","type-post","status-publish","format-standard","hentry","category-cicle-mitja","category-curs-2014-15","category-portada"],"post_mailing_queue_ids":[],"_links":{"self":[{"href":"https:\/\/agora.xtec.cat\/ceipmdangels\/wp-json\/wp\/v2\/posts\/616","targetHints":{"allow":["GET"]}}],"collection":[{"href":"https:\/\/agora.xtec.cat\/ceipmdangels\/wp-json\/wp\/v2\/posts"}],"about":[{"href":"https:\/\/agora.xtec.cat\/ceipmdangels\/wp-json\/wp\/v2\/types\/post"}],"author":[{"embeddable":true,"href":"https:\/\/agora.xtec.cat\/ceipmdangels\/wp-json\/wp\/v2\/users\/5"}],"replies":[{"embeddable":true,"href":"https:\/\/agora.xtec.cat\/ceipmdangels\/wp-json\/wp\/v2\/comments?post=616"}],"version-history":[{"count":2,"href":"https:\/\/agora.xtec.cat\/ceipmdangels\/wp-json\/wp\/v2\/posts\/616\/revisions"}],"predecessor-version":[{"id":773,"href":"https:\/\/agora.xtec.cat\/ceipmdangels\/wp-json\/wp\/v2\/posts\/616\/revisions\/773"}],"wp:attachment":[{"href":"https:\/\/agora.xtec.cat\/ceipmdangels\/wp-json\/wp\/v2\/media?parent=616"}],"wp:term":[{"taxonomy":"category","embeddable":true,"href":"https:\/\/agora.xtec.cat\/ceipmdangels\/wp-json\/wp\/v2\/categories?post=616"},{"taxonomy":"post_tag","embeddable":true,"href":"https:\/\/agora.xtec.cat\/ceipmdangels\/wp-json\/wp\/v2\/tags?post=616"}],"curies":[{"name":"wp","href":"https:\/\/api.w.org\/{rel}","templated":true}]}}