{"id":602,"date":"2015-04-16T11:13:14","date_gmt":"2015-04-16T09:13:14","guid":{"rendered":"http:\/\/www.escolaelsangels.cat\/?p=602"},"modified":"2022-04-21T15:52:54","modified_gmt":"2022-04-21T13:52:54","slug":"la-catedral-2-0","status":"publish","type":"post","link":"https:\/\/agora.xtec.cat\/ceipmdangels\/portada\/la-catedral-2-0\/","title":{"rendered":"La Catedral 2.0"},"content":{"rendered":"<table style=\"width:194px;\">\n<tr>\n<td align=\"center\" style=\"height:194px;background:url(https:\/\/www.gstatic.com\/pwa\/s\/v\/lighthousefe_20150907.00_p0\/transparent_album_background.gif) no-repeat left\"><a href=\"https:\/\/picasaweb.google.com\/104150209654147348409\/DibuixosCatedral?authuser=0&#038;feat=embedwebsite\"><img loading=\"lazy\" decoding=\"async\" src=\"https:\/\/lh3.googleusercontent.com\/-YUwlBPOMvoI\/Vh-I51wZ-CE\/AAAAAAAAAME\/7_I3EERUn4M\/s160-c-Ic42\/DibuixosCatedral.jpg\" width=\"160\" height=\"160\" style=\"margin:1px 0 0 4px;\"><\/a><\/td>\n<\/tr>\n<tr>\n<td style=\"text-align:center;font-family:arial,sans-serif;font-size:11px\"><a href=\"https:\/\/picasaweb.google.com\/104150209654147348409\/DibuixosCatedral?authuser=0&#038;feat=embedwebsite\" style=\"color:#4D4D4D;font-weight:bold;text-decoration:none;\">dibuixos catedral<\/a><\/td>\n<\/tr>\n<\/table>\n<p>Els alumnes de 3r al temps d&#8217;inform\u00e0tica hem dibuixat la fa\u00e7ana de la catedral que vam anar a visitar en la sortida a Tarragona. S\u00f3n versions modernistes i acolorides que mostren molta creativitat!<\/p>\n<p>&nbsp;<\/p>\n","protected":false},"excerpt":{"rendered":"<p><a href=\"https:\/\/picasaweb.google.com\/104150209654147348409\/DibuixosCatedral?authuser=0&#038;feat=embedwebsite\"><\/a><\/p>\n<p><a href=\"https:\/\/picasaweb.google.com\/104150209654147348409\/DibuixosCatedral?authuser=0&#038;feat=embedwebsite\" style=\"color:#4D4D4D;font-weight:bold;text-decoration:none;\">dibuixos catedral<\/a><\/p>\n<p>Els alumnes de 3r al temps d&#8217;inform\u00e0tica hem dibuixat la fa\u00e7ana de la catedral que vam anar a visitar en la sortida a Tarragona. S\u00f3n versions modernistes i acolorides que mostren molta creativitat!<br \/>\n&nbsp;<\/p>\n","protected":false},"author":5,"featured_media":0,"comment_status":"closed","ping_status":"open","sticky":false,"template":"","format":"standard","meta":{"_bbp_topic_count":0,"_bbp_reply_count":0,"_bbp_total_topic_count":0,"_bbp_total_reply_count":0,"_bbp_voice_count":0,"_bbp_anonymous_reply_count":0,"_bbp_topic_count_hidden":0,"_bbp_reply_count_hidden":0,"_bbp_forum_subforum_count":0,"footnotes":""},"categories":[24,151,4],"tags":[],"class_list":["post-602","post","type-post","status-publish","format-standard","hentry","category-cicle-mitja","category-curs-2014-15","category-portada"],"post_mailing_queue_ids":[],"_links":{"self":[{"href":"https:\/\/agora.xtec.cat\/ceipmdangels\/wp-json\/wp\/v2\/posts\/602","targetHints":{"allow":["GET"]}}],"collection":[{"href":"https:\/\/agora.xtec.cat\/ceipmdangels\/wp-json\/wp\/v2\/posts"}],"about":[{"href":"https:\/\/agora.xtec.cat\/ceipmdangels\/wp-json\/wp\/v2\/types\/post"}],"author":[{"embeddable":true,"href":"https:\/\/agora.xtec.cat\/ceipmdangels\/wp-json\/wp\/v2\/users\/5"}],"replies":[{"embeddable":true,"href":"https:\/\/agora.xtec.cat\/ceipmdangels\/wp-json\/wp\/v2\/comments?post=602"}],"version-history":[{"count":2,"href":"https:\/\/agora.xtec.cat\/ceipmdangels\/wp-json\/wp\/v2\/posts\/602\/revisions"}],"predecessor-version":[{"id":772,"href":"https:\/\/agora.xtec.cat\/ceipmdangels\/wp-json\/wp\/v2\/posts\/602\/revisions\/772"}],"wp:attachment":[{"href":"https:\/\/agora.xtec.cat\/ceipmdangels\/wp-json\/wp\/v2\/media?parent=602"}],"wp:term":[{"taxonomy":"category","embeddable":true,"href":"https:\/\/agora.xtec.cat\/ceipmdangels\/wp-json\/wp\/v2\/categories?post=602"},{"taxonomy":"post_tag","embeddable":true,"href":"https:\/\/agora.xtec.cat\/ceipmdangels\/wp-json\/wp\/v2\/tags?post=602"}],"curies":[{"name":"wp","href":"https:\/\/api.w.org\/{rel}","templated":true}]}}