{"id":5498,"date":"2021-04-19T13:24:58","date_gmt":"2021-04-19T13:24:58","guid":{"rendered":"https:\/\/agora.xtec.cat\/ceipmdangels\/?p=5498"},"modified":"2021-04-19T13:25:15","modified_gmt":"2021-04-19T13:25:15","slug":"formacio-a-les-families-i-als-mestres","status":"publish","type":"post","link":"https:\/\/agora.xtec.cat\/ceipmdangels\/portada\/formacio-a-les-families-i-als-mestres\/","title":{"rendered":"FORMACI\u00d3 A LES FAM\u00cdLIES I ALS MESTRES"},"content":{"rendered":"<p>A l&#8217;escola ja hem comen\u00e7at amb la formaci\u00f3 a les fam\u00edlies i als mestres.<\/p>\n<p><a href=\"https:\/\/agora.xtec.cat\/ceipmdangels\/wp-content\/uploads\/usu320\/2021\/04\/informaci\u00f3-formaci\u00f3-fam\u00edlies.jpg\"><img loading=\"lazy\" decoding=\"async\" class=\"alignnone wp-image-5502\" src=\"https:\/\/agora.xtec.cat\/ceipmdangels\/wp-content\/uploads\/usu320\/2021\/04\/informaci\u00f3-formaci\u00f3-fam\u00edlies-410x1024.jpg\" alt=\"\" width=\"169\" height=\"422\" srcset=\"https:\/\/agora.xtec.cat\/ceipmdangels\/wp-content\/uploads\/usu320\/2021\/04\/informaci\u00f3-formaci\u00f3-fam\u00edlies-410x1024.jpg 410w, https:\/\/agora.xtec.cat\/ceipmdangels\/wp-content\/uploads\/usu320\/2021\/04\/informaci\u00f3-formaci\u00f3-fam\u00edlies-120x300.jpg 120w, https:\/\/agora.xtec.cat\/ceipmdangels\/wp-content\/uploads\/usu320\/2021\/04\/informaci\u00f3-formaci\u00f3-fam\u00edlies-768x1920.jpg 768w, https:\/\/agora.xtec.cat\/ceipmdangels\/wp-content\/uploads\/usu320\/2021\/04\/informaci\u00f3-formaci\u00f3-fam\u00edlies.jpg 800w\" sizes=\"auto, (max-width: 169px) 100vw, 169px\" \/><\/a><a href=\"https:\/\/agora.xtec.cat\/ceipmdangels\/wp-content\/uploads\/usu320\/2021\/04\/Formaci\u00f3-fam\u00edlies.jpg\"><img loading=\"lazy\" decoding=\"async\" class=\"alignnone wp-image-5503\" src=\"https:\/\/agora.xtec.cat\/ceipmdangels\/wp-content\/uploads\/usu320\/2021\/04\/Formaci\u00f3-fam\u00edlies.jpg\" alt=\"\" width=\"265\" height=\"265\" srcset=\"https:\/\/agora.xtec.cat\/ceipmdangels\/wp-content\/uploads\/usu320\/2021\/04\/Formaci\u00f3-fam\u00edlies.jpg 1024w, https:\/\/agora.xtec.cat\/ceipmdangels\/wp-content\/uploads\/usu320\/2021\/04\/Formaci\u00f3-fam\u00edlies-150x150.jpg 150w, https:\/\/agora.xtec.cat\/ceipmdangels\/wp-content\/uploads\/usu320\/2021\/04\/Formaci\u00f3-fam\u00edlies-300x300.jpg 300w, https:\/\/agora.xtec.cat\/ceipmdangels\/wp-content\/uploads\/usu320\/2021\/04\/Formaci\u00f3-fam\u00edlies-768x768.jpg 768w\" sizes=\"auto, (max-width: 265px) 100vw, 265px\" \/><\/a><a href=\"https:\/\/agora.xtec.cat\/ceipmdangels\/wp-content\/uploads\/usu320\/2021\/04\/FORMACI\u00d3-TIC.jpg\"><img loading=\"lazy\" decoding=\"async\" class=\"alignnone wp-image-5504\" src=\"https:\/\/agora.xtec.cat\/ceipmdangels\/wp-content\/uploads\/usu320\/2021\/04\/FORMACI\u00d3-TIC-1024x1024.jpg\" alt=\"\" width=\"263\" height=\"263\" srcset=\"https:\/\/agora.xtec.cat\/ceipmdangels\/wp-content\/uploads\/usu320\/2021\/04\/FORMACI\u00d3-TIC-1024x1024.jpg 1024w, https:\/\/agora.xtec.cat\/ceipmdangels\/wp-content\/uploads\/usu320\/2021\/04\/FORMACI\u00d3-TIC-150x150.jpg 150w, https:\/\/agora.xtec.cat\/ceipmdangels\/wp-content\/uploads\/usu320\/2021\/04\/FORMACI\u00d3-TIC-300x300.jpg 300w, https:\/\/agora.xtec.cat\/ceipmdangels\/wp-content\/uploads\/usu320\/2021\/04\/FORMACI\u00d3-TIC-768x768.jpg 768w, https:\/\/agora.xtec.cat\/ceipmdangels\/wp-content\/uploads\/usu320\/2021\/04\/FORMACI\u00d3-TIC.jpg 1654w\" sizes=\"auto, (max-width: 263px) 100vw, 263px\" \/><\/a><img loading=\"lazy\" decoding=\"async\" class=\" wp-image-5499 aligncenter\" src=\"https:\/\/agora.xtec.cat\/ceipmdangels\/wp-content\/uploads\/usu320\/2021\/04\/9feb13bc-48c2-40bb-bbdd-be78a44194cb.jpg\" alt=\"\" width=\"372\" height=\"238\" srcset=\"https:\/\/agora.xtec.cat\/ceipmdangels\/wp-content\/uploads\/usu320\/2021\/04\/9feb13bc-48c2-40bb-bbdd-be78a44194cb.jpg 320w, https:\/\/agora.xtec.cat\/ceipmdangels\/wp-content\/uploads\/usu320\/2021\/04\/9feb13bc-48c2-40bb-bbdd-be78a44194cb-300x192.jpg 300w\" sizes=\"auto, (max-width: 372px) 100vw, 372px\" \/><\/p>\n<p>&nbsp;<\/p>\n","protected":false},"excerpt":{"rendered":"<p>A l&#8217;escola ja hem comen\u00e7at amb la formaci\u00f3 a les fam\u00edlies i als mestres.<br \/>\n<a href=\"https:\/\/agora.xtec.cat\/ceipmdangels\/wp-content\/uploads\/usu320\/2021\/04\/informaci\u00f3-formaci\u00f3-fam\u00edlies.jpg\"><\/a><a href=\"https:\/\/agora.xtec.cat\/ceipmdangels\/wp-content\/uploads\/usu320\/2021\/04\/Formaci\u00f3-fam\u00edlies.jpg\"><\/a><a href=\"https:\/\/agora.xtec.cat\/ceipmdangels\/wp-content\/uploads\/usu320\/2021\/04\/FORMACI\u00d3-TIC.jpg\"><\/a><br \/>\n&nbsp;<\/p>\n","protected":false},"author":1,"featured_media":0,"comment_status":"closed","ping_status":"closed","sticky":false,"template":"","format":"standard","meta":{"_bbp_topic_count":0,"_bbp_reply_count":0,"_bbp_total_topic_count":0,"_bbp_total_reply_count":0,"_bbp_voice_count":0,"_bbp_anonymous_reply_count":0,"_bbp_topic_count_hidden":0,"_bbp_reply_count_hidden":0,"_bbp_forum_subforum_count":0,"footnotes":""},"categories":[4],"tags":[],"class_list":["post-5498","post","type-post","status-publish","format-standard","hentry","category-portada"],"post_mailing_queue_ids":[],"_links":{"self":[{"href":"https:\/\/agora.xtec.cat\/ceipmdangels\/wp-json\/wp\/v2\/posts\/5498","targetHints":{"allow":["GET"]}}],"collection":[{"href":"https:\/\/agora.xtec.cat\/ceipmdangels\/wp-json\/wp\/v2\/posts"}],"about":[{"href":"https:\/\/agora.xtec.cat\/ceipmdangels\/wp-json\/wp\/v2\/types\/post"}],"author":[{"embeddable":true,"href":"https:\/\/agora.xtec.cat\/ceipmdangels\/wp-json\/wp\/v2\/users\/1"}],"replies":[{"embeddable":true,"href":"https:\/\/agora.xtec.cat\/ceipmdangels\/wp-json\/wp\/v2\/comments?post=5498"}],"version-history":[{"count":2,"href":"https:\/\/agora.xtec.cat\/ceipmdangels\/wp-json\/wp\/v2\/posts\/5498\/revisions"}],"predecessor-version":[{"id":5506,"href":"https:\/\/agora.xtec.cat\/ceipmdangels\/wp-json\/wp\/v2\/posts\/5498\/revisions\/5506"}],"wp:attachment":[{"href":"https:\/\/agora.xtec.cat\/ceipmdangels\/wp-json\/wp\/v2\/media?parent=5498"}],"wp:term":[{"taxonomy":"category","embeddable":true,"href":"https:\/\/agora.xtec.cat\/ceipmdangels\/wp-json\/wp\/v2\/categories?post=5498"},{"taxonomy":"post_tag","embeddable":true,"href":"https:\/\/agora.xtec.cat\/ceipmdangels\/wp-json\/wp\/v2\/tags?post=5498"}],"curies":[{"name":"wp","href":"https:\/\/api.w.org\/{rel}","templated":true}]}}