{"id":4912,"date":"2020-06-22T19:25:35","date_gmt":"2020-06-22T19:25:35","guid":{"rendered":"https:\/\/agora.xtec.cat\/ceipmdangels\/?p=4912"},"modified":"2020-12-17T20:40:41","modified_gmt":"2020-12-17T20:40:41","slug":"preinscripcio-curs-2020-21","status":"publish","type":"post","link":"https:\/\/agora.xtec.cat\/ceipmdangels\/portada\/preinscripcio-curs-2020-21\/","title":{"rendered":"MATRICULACI\u00d3 2020-21 i BEQUES CCT"},"content":{"rendered":"<h4 style=\"text-align: left;\"><span style=\"color: #ff0000;\"><em><strong>MATRICULACI\u00d3 CURS 2020-21<\/strong><\/em><\/span><\/h4>\n<table style=\"height: 139px; width: 484px;\" width=\"745\">\n<tbody>\n<tr style=\"height: 288px;\">\n<td style=\"width: 149.65625px; height: 139px; background-color: #fae3c8; border-color: #fcb06d; border-style: dotted;\">\n<h4 style=\"text-align: center;\"><a href=\"https:\/\/agora.xtec.cat\/ceipmdangels\/wp-content\/uploads\/usu320\/2020\/06\/podeu-consultar-el-pla-dobertura-del-centre-a-la-web-de-lescola-1.png\"><img loading=\"lazy\" decoding=\"async\" class=\"aligncenter wp-image-4942 \" src=\"https:\/\/agora.xtec.cat\/ceipmdangels\/wp-content\/uploads\/usu320\/2020\/06\/podeu-consultar-el-pla-dobertura-del-centre-a-la-web-de-lescola-1-1024x1024.png\" alt=\"\" width=\"160\" height=\"160\" srcset=\"https:\/\/agora.xtec.cat\/ceipmdangels\/wp-content\/uploads\/usu320\/2020\/06\/podeu-consultar-el-pla-dobertura-del-centre-a-la-web-de-lescola-1-1024x1024.png 1024w, https:\/\/agora.xtec.cat\/ceipmdangels\/wp-content\/uploads\/usu320\/2020\/06\/podeu-consultar-el-pla-dobertura-del-centre-a-la-web-de-lescola-1-150x150.png 150w, https:\/\/agora.xtec.cat\/ceipmdangels\/wp-content\/uploads\/usu320\/2020\/06\/podeu-consultar-el-pla-dobertura-del-centre-a-la-web-de-lescola-1-300x300.png 300w, https:\/\/agora.xtec.cat\/ceipmdangels\/wp-content\/uploads\/usu320\/2020\/06\/podeu-consultar-el-pla-dobertura-del-centre-a-la-web-de-lescola-1-768x768.png 768w, https:\/\/agora.xtec.cat\/ceipmdangels\/wp-content\/uploads\/usu320\/2020\/06\/podeu-consultar-el-pla-dobertura-del-centre-a-la-web-de-lescola-1.png 1080w\" sizes=\"auto, (max-width: 160px) 100vw, 160px\" \/><\/a><\/h4>\n<\/td>\n<td style=\"width: 326.359375px; height: 139px; background-color: #fae3c8; border-color: #fcb06d; border-style: dotted;\">\n<ul>\n<li><a href=\"https:\/\/agora.xtec.cat\/ceipmdangels\/wp-content\/uploads\/usu320\/2020\/06\/INFORME_PREINSCRITES_OME_INFORME_PREINSCRITES_OME.pdf\">Alumnes preinscrits al centre<\/a><\/li>\n<li style=\"text-align: left;\"><a href=\"https:\/\/agora.xtec.cat\/ceipmdangels\/wp-content\/uploads\/usu320\/2020\/06\/Alumnes-admesos.pdf\">Llistat d&#8217;alumnes admesos<\/a><\/li>\n<li style=\"text-align: left;\"><a href=\"https:\/\/agora.xtec.cat\/ceipmdangels\/wp-content\/uploads\/usu320\/2020\/06\/LLISTA_ESPERA.pdf\">Llista d&#8217;espera<\/a><\/li>\n<li style=\"text-align: left;\"><a href=\"https:\/\/agora.xtec.cat\/ceipmdangels\/wp-content\/uploads\/usu320\/2020\/06\/Matr\u00edcula-20-21.doc\">Instruccions per a la realitzaci\u00f3 de la matr\u00edcula 20-21<\/a><\/li>\n<li style=\"text-align: left;\"><a href=\"https:\/\/agora.xtec.cat\/ceipmdangels\/wp-content\/uploads\/usu320\/2020\/06\/Impr\u00e9s-matricula-20-21.doc\">Impr\u00e9s matricula 20-21<\/a><\/li>\n<li style=\"text-align: left;\"><a href=\"https:\/\/agora.xtec.cat\/ceipmdangels\/wp-content\/uploads\/usu320\/2020\/06\/Carta-de-comprom\u00eds-educatiu.pdf\">Carta de comprom\u00eds educatiu<\/a><\/li>\n<li style=\"text-align: left;\"><a href=\"https:\/\/agora.xtec.cat\/ceipmdangels\/wp-content\/uploads\/usu320\/2020\/06\/Autoritzaci\u00f3-imatge-i-opci\u00f3-religi\u00f3.doc\">Autoritzaci\u00f3 imatge i opci\u00f3 religi\u00f3<\/a><\/li>\n<\/ul>\n<\/td>\n<\/tr>\n<\/tbody>\n<\/table>\n<h5><strong>BEQUES CCT <\/strong><strong>(Consell Comarcal del Tarragon\u00e8s)<\/strong><\/h5>\n<p><a href=\"https:\/\/agora.xtec.cat\/ceipmdangels\/wp-content\/uploads\/usu320\/2020\/06\/Sol\u00b7licitud-tr\u00e0mit-abreujat-Beques-menjador-2021.pdf\">Sol\u00b7licitud tr\u00e0mit abreujat-Beques menjador 2021<\/a><br \/>\n<a href=\"https:\/\/agora.xtec.cat\/ceipmdangels\/wp-content\/uploads\/usu320\/2020\/06\/INFORMACI\u00d3-BEQUES-MENJADOR-2020-21-secretaria.pdf\">INFORMACI\u00d3 BEQUES MENJADOR 2020-21 (secretaria)<\/a><\/p>\n","protected":false},"excerpt":{"rendered":"<p>MATRICULACI\u00d3 CURS 2020-21<\/p>\n<p><a href=\"https:\/\/agora.xtec.cat\/ceipmdangels\/wp-content\/uploads\/usu320\/2020\/06\/podeu-consultar-el-pla-dobertura-del-centre-a-la-web-de-lescola-1.png\"><\/a><\/p>\n<ul>\n<li><a href=\"https:\/\/agora.xtec.cat\/ceipmdangels\/wp-content\/uploads\/usu320\/2020\/06\/INFORME_PREINSCRITES_OME_INFORME_PREINSCRITES_OME.pdf\">Alumnes preinscrits al centre<\/a><\/li>\n<li style=\"text-align: left;\"><a href=\"https:\/\/agora.xtec.cat\/ceipmdangels\/wp-content\/uploads\/usu320\/2020\/06\/Alumnes-admesos.pdf\">Llistat d&#8217;alumnes admesos<\/a><\/li>\n<li style=\"text-align: left;\"><a href=\"https:\/\/agora.xtec.cat\/ceipmdangels\/wp-content\/uploads\/usu320\/2020\/06\/LLISTA_ESPERA.pdf\">Llista d&#8217;espera<\/a><\/li>\n<li style=\"text-align: left;\"><a href=\"https:\/\/agora.xtec.cat\/ceipmdangels\/wp-content\/uploads\/usu320\/2020\/06\/Matr\u00edcula-20-21.doc\">Instruccions per a la realitzaci\u00f3 de la matr\u00edcula 20-21<\/a><\/li>\n<li style=\"text-align: left;\"><a href=\"https:\/\/agora.xtec.cat\/ceipmdangels\/wp-content\/uploads\/usu320\/2020\/06\/Impr\u00e9s-matricula-20-21.doc\">Impr\u00e9s matricula 20-21<\/a><\/li>\n<li style=\"text-align: left;\"><a href=\"https:\/\/agora.xtec.cat\/ceipmdangels\/wp-content\/uploads\/usu320\/2020\/06\/Carta-de-comprom\u00eds-educatiu.pdf\">Carta de comprom\u00eds educatiu<\/a><\/li>\n<li style=\"text-align: left;\"><a href=\"https:\/\/agora.xtec.cat\/ceipmdangels\/wp-content\/uploads\/usu320\/2020\/06\/Autoritzaci\u00f3-imatge-i-opci\u00f3-religi\u00f3.doc\">Autoritzaci\u00f3 imatge i opci\u00f3&hellip;  <a href=\"https:\/\/agora.xtec.cat\/ceipmdangels\/portada\/preinscripcio-curs-2020-21\/\" title=\"Read MATRICULACI\u00d3 2020-21 i BEQUES CCT\">Llegeix m\u00e9s\u00bb<\/a><br \/>\n","protected":false},"author":1,"featured_media":0,"comment_status":"closed","ping_status":"closed","sticky":false,"template":"","format":"standard","meta":{"_bbp_topic_count":0,"_bbp_reply_count":0,"_bbp_total_topic_count":0,"_bbp_total_reply_count":0,"_bbp_voice_count":0,"_bbp_anonymous_reply_count":0,"_bbp_topic_count_hidden":0,"_bbp_reply_count_hidden":0,"_bbp_forum_subforum_count":0,"footnotes":""},"categories":[4],"tags":[],"class_list":["post-4912","post","type-post","status-publish","format-standard","hentry","category-portada"],"post_mailing_queue_ids":[],"_links":{"self":[{"href":"https:\/\/agora.xtec.cat\/ceipmdangels\/wp-json\/wp\/v2\/posts\/4912","targetHints":{"allow":["GET"]}}],"collection":[{"href":"https:\/\/agora.xtec.cat\/ceipmdangels\/wp-json\/wp\/v2\/posts"}],"about":[{"href":"https:\/\/agora.xtec.cat\/ceipmdangels\/wp-json\/wp\/v2\/types\/post"}],"author":[{"embeddable":true,"href":"https:\/\/agora.xtec.cat\/ceipmdangels\/wp-json\/wp\/v2\/users\/1"}],"replies":[{"embeddable":true,"href":"https:\/\/agora.xtec.cat\/ceipmdangels\/wp-json\/wp\/v2\/comments?post=4912"}],"version-history":[{"count":3,"href":"https:\/\/agora.xtec.cat\/ceipmdangels\/wp-json\/wp\/v2\/posts\/4912\/revisions"}],"predecessor-version":[{"id":5203,"href":"https:\/\/agora.xtec.cat\/ceipmdangels\/wp-json\/wp\/v2\/posts\/4912\/revisions\/5203"}],"wp:attachment":[{"href":"https:\/\/agora.xtec.cat\/ceipmdangels\/wp-json\/wp\/v2\/media?parent=4912"}],"wp:term":[{"taxonomy":"category","embeddable":true,"href":"https:\/\/agora.xtec.cat\/ceipmdangels\/wp-json\/wp\/v2\/categories?post=4912"},{"taxonomy":"post_tag","embeddable":true,"href":"https:\/\/agora.xtec.cat\/ceipmdangels\/wp-json\/wp\/v2\/tags?post=4912"}],"curies":[{"name":"wp","href":"https:\/\/api.w.org\/{rel}","templated":true}]}}