{"id":469,"date":"2015-02-19T12:19:54","date_gmt":"2015-02-19T11:19:54","guid":{"rendered":"http:\/\/www.escolaelsangels.cat\/?p=469"},"modified":"2022-04-21T15:49:14","modified_gmt":"2022-04-21T13:49:14","slug":"cantades-de-nadal","status":"publish","type":"post","link":"https:\/\/agora.xtec.cat\/ceipmdangels\/portada\/cantades-de-nadal\/","title":{"rendered":"Cantades de Nadal"},"content":{"rendered":"<table style=\"width:194px;\">\n<tr>\n<td align=\"center\" style=\"height:194px;background:url(https:\/\/www.gstatic.com\/pwa\/s\/v\/lighthousefe_20150907.00_p0\/transparent_album_background.gif) no-repeat left\"><a href=\"https:\/\/picasaweb.google.com\/104150209654147348409\/5VisitaResidencia?authuser=0&#038;feat=embedwebsite\"><img loading=\"lazy\" decoding=\"async\" src=\"https:\/\/lh3.googleusercontent.com\/-2JevHzH5yk8\/Vh-IYikZ2fE\/AAAAAAAAAGY\/evjkZvYXfVE\/s160-c-Ic42\/5VisitaResidencia.jpg\" width=\"160\" height=\"160\" style=\"margin:1px 0 0 4px;\"><\/a><\/td>\n<\/tr>\n<tr>\n<td style=\"text-align:center;font-family:arial,sans-serif;font-size:11px\"><a href=\"https:\/\/picasaweb.google.com\/104150209654147348409\/5VisitaResidencia?authuser=0&#038;feat=embedwebsite\" style=\"color:#4D4D4D;font-weight:bold;text-decoration:none;\">5.Visita Resid\u00e8ncia<\/a><\/td>\n<\/tr>\n<\/table>\n<p>Els dies previs a la celebraci\u00f3 del Nadal van ser molt especials per a les classes de 4t ja que els seus alumnes van realitzar una cantada formidable a les Llars d&#8217;Infants La Baldufa i El Ninot de Tarragona i a la Resid\u00e8ncia d\u2019avis de Ponent.<br \/>\nEn un ambient de col\u2022laboraci\u00f3 envoltats per nens i nenes petits i avis, els alumnes de 4t van fer una interpretaci\u00f3 musical que cap dels assistents podr\u00e0 oblidar mai.<\/p>\n","protected":false},"excerpt":{"rendered":"<p><a href=\"https:\/\/picasaweb.google.com\/104150209654147348409\/5VisitaResidencia?authuser=0&#038;feat=embedwebsite\"><\/a><\/p>\n<p><a href=\"https:\/\/picasaweb.google.com\/104150209654147348409\/5VisitaResidencia?authuser=0&#038;feat=embedwebsite\" style=\"color:#4D4D4D;font-weight:bold;text-decoration:none;\">5.Visita Resid\u00e8ncia<\/a><\/p>\n<p>Els dies previs a la celebraci\u00f3 del Nadal van ser molt especials per a les classes de 4t ja que els seus alumnes van realitzar una cantada formidable a les Llars d&#8217;Infants La Baldufa i El Ninot de Tarragona i a&hellip;  <a href=\"https:\/\/agora.xtec.cat\/ceipmdangels\/portada\/cantades-de-nadal\/\" title=\"Read Cantades de Nadal\">Llegeix m\u00e9s\u00bb<\/a><\/p>\n","protected":false},"author":5,"featured_media":0,"comment_status":"closed","ping_status":"open","sticky":false,"template":"","format":"standard","meta":{"_bbp_topic_count":0,"_bbp_reply_count":0,"_bbp_total_topic_count":0,"_bbp_total_reply_count":0,"_bbp_voice_count":0,"_bbp_anonymous_reply_count":0,"_bbp_topic_count_hidden":0,"_bbp_reply_count_hidden":0,"_bbp_forum_subforum_count":0,"footnotes":""},"categories":[24,151,4],"tags":[],"class_list":["post-469","post","type-post","status-publish","format-standard","hentry","category-cicle-mitja","category-curs-2014-15","category-portada"],"post_mailing_queue_ids":[],"_links":{"self":[{"href":"https:\/\/agora.xtec.cat\/ceipmdangels\/wp-json\/wp\/v2\/posts\/469","targetHints":{"allow":["GET"]}}],"collection":[{"href":"https:\/\/agora.xtec.cat\/ceipmdangels\/wp-json\/wp\/v2\/posts"}],"about":[{"href":"https:\/\/agora.xtec.cat\/ceipmdangels\/wp-json\/wp\/v2\/types\/post"}],"author":[{"embeddable":true,"href":"https:\/\/agora.xtec.cat\/ceipmdangels\/wp-json\/wp\/v2\/users\/5"}],"replies":[{"embeddable":true,"href":"https:\/\/agora.xtec.cat\/ceipmdangels\/wp-json\/wp\/v2\/comments?post=469"}],"version-history":[{"count":3,"href":"https:\/\/agora.xtec.cat\/ceipmdangels\/wp-json\/wp\/v2\/posts\/469\/revisions"}],"predecessor-version":[{"id":969,"href":"https:\/\/agora.xtec.cat\/ceipmdangels\/wp-json\/wp\/v2\/posts\/469\/revisions\/969"}],"wp:attachment":[{"href":"https:\/\/agora.xtec.cat\/ceipmdangels\/wp-json\/wp\/v2\/media?parent=469"}],"wp:term":[{"taxonomy":"category","embeddable":true,"href":"https:\/\/agora.xtec.cat\/ceipmdangels\/wp-json\/wp\/v2\/categories?post=469"},{"taxonomy":"post_tag","embeddable":true,"href":"https:\/\/agora.xtec.cat\/ceipmdangels\/wp-json\/wp\/v2\/tags?post=469"}],"curies":[{"name":"wp","href":"https:\/\/api.w.org\/{rel}","templated":true}]}}