{"id":465,"date":"2015-02-19T11:51:25","date_gmt":"2015-02-19T10:51:25","guid":{"rendered":"http:\/\/www.escolaelsangels.cat\/?p=465"},"modified":"2022-04-21T15:49:00","modified_gmt":"2022-04-21T13:49:00","slug":"dia-de-la-pau-2015-2","status":"publish","type":"post","link":"https:\/\/agora.xtec.cat\/ceipmdangels\/activitats-comunes\/dia-de-la-pau-2015-2\/","title":{"rendered":"Dia de la Pau 2015"},"content":{"rendered":"<table style=\"width: 194px\">\n<tbody>\n<tr>\n<td align=\"center\"><a href=\"https:\/\/picasaweb.google.com\/111847518725419516497\/DIADELAPAU?authuser=0&amp;authkey=Gv1sRgCLb9tfai9rnUIA&amp;feat=embedwebsite\"><img loading=\"lazy\" decoding=\"async\" style=\"margin: 1px 0 0 4px\" src=\"https:\/\/lh5.googleusercontent.com\/-qEJzD9iBP7I\/VNNdY_FvKCE\/AAAAAAAAAeM\/x01AXaIpRg8\/s160-c\/DIADELAPAU.jpg\" alt=\"\" width=\"160\" height=\"160\" \/><\/a><\/td>\n<\/tr>\n<tr>\n<td style=\"text-align: center;font-family: arial,sans-serif;font-size: 11px\"><a style=\"color: #4d4d4d;font-weight: bold;text-decoration: none\" href=\"https:\/\/picasaweb.google.com\/111847518725419516497\/DIADELAPAU?authuser=0&amp;authkey=Gv1sRgCLb9tfai9rnUIA&amp;feat=embedwebsite\">DIA DE LA PAU<\/a><\/td>\n<\/tr>\n<\/tbody>\n<\/table>\n<p>Com cada 30 de gener, hem celebrat el <em><strong>Dia Mundial de la Pau,<\/strong><\/em> que enguany des de l\u2019escola hem volgut dedicar als drets dels infants i a una gran lluitadora pel dret a l\u2019educaci\u00f3 de les nenes que ha rebut el premi Nobel de la Pau 2014: <strong><span style=\"color: #ff0000\">La Malala.<\/span><\/strong><br \/>\nRecordem les seves paraules:<br \/>\n<span style=\"color: #ff6600\"><strong>\u201cUn nen, un mestre, un llapis i un llibre poden canviar el m\u00f3n!\u201d<\/strong><\/span><br \/>\nUn dret \u00e9s una cosa important que ning\u00fa no et pot prendre i que totes les persones tenim des que naixem. Tu tamb\u00e9!<br \/>\nPer\u00f2 a m\u00e9s a m\u00e9s de drets, tenim deures, que s\u00f3n les tasques que hem de fer perqu\u00e8 totes les persones puguem viure b\u00e9.<br \/>\nPer protegir aquests drets, l\u2019any 1989 (ara fa 25 anys) tots els pa\u00efsos del m\u00f3n es van posar d\u2019acord i van redactar la Convenci\u00f3 sobre els Drets de l\u2019Infant que s\u00f3n de compliment obligat.<br \/>\nDurant aquesta setmana hem estat treballant a classe aquests drets i deures i hem pogut con\u00e8ixer moltes coses de la vida de la Malala. Tot aquest treball s\u2019ha pogut veure i gaudir durant la festa que hem compartit.<\/p>\n","protected":false},"excerpt":{"rendered":"<p><a href=\"https:\/\/picasaweb.google.com\/111847518725419516497\/DIADELAPAU?authuser=0&amp;authkey=Gv1sRgCLb9tfai9rnUIA&amp;feat=embedwebsite\"><\/a><\/p>\n<p><a style=\"color: #4d4d4d;font-weight: bold;text-decoration: none\" href=\"https:\/\/picasaweb.google.com\/111847518725419516497\/DIADELAPAU?authuser=0&amp;authkey=Gv1sRgCLb9tfai9rnUIA&amp;feat=embedwebsite\">DIA DE LA PAU<\/a><\/p>\n<p>Com cada 30 de gener, hem celebrat el Dia Mundial de la Pau, que enguany des de l\u2019escola hem volgut dedicar als drets dels infants i a una gran lluitadora pel dret a l\u2019educaci\u00f3 de les&hellip;  <a href=\"https:\/\/agora.xtec.cat\/ceipmdangels\/activitats-comunes\/dia-de-la-pau-2015-2\/\" title=\"Read Dia de la Pau 2015\">Llegeix m\u00e9s\u00bb<\/a><\/p>\n","protected":false},"author":6,"featured_media":0,"comment_status":"closed","ping_status":"open","sticky":false,"template":"","format":"standard","meta":{"_bbp_topic_count":0,"_bbp_reply_count":0,"_bbp_total_topic_count":0,"_bbp_total_reply_count":0,"_bbp_voice_count":0,"_bbp_anonymous_reply_count":0,"_bbp_topic_count_hidden":0,"_bbp_reply_count_hidden":0,"_bbp_forum_subforum_count":0,"footnotes":""},"categories":[21,151,30],"tags":[],"class_list":["post-465","post","type-post","status-publish","format-standard","hentry","category-activitats-comunes","category-curs-2014-15","category-dia-de-la-pau"],"post_mailing_queue_ids":[],"_links":{"self":[{"href":"https:\/\/agora.xtec.cat\/ceipmdangels\/wp-json\/wp\/v2\/posts\/465","targetHints":{"allow":["GET"]}}],"collection":[{"href":"https:\/\/agora.xtec.cat\/ceipmdangels\/wp-json\/wp\/v2\/posts"}],"about":[{"href":"https:\/\/agora.xtec.cat\/ceipmdangels\/wp-json\/wp\/v2\/types\/post"}],"author":[{"embeddable":true,"href":"https:\/\/agora.xtec.cat\/ceipmdangels\/wp-json\/wp\/v2\/users\/6"}],"replies":[{"embeddable":true,"href":"https:\/\/agora.xtec.cat\/ceipmdangels\/wp-json\/wp\/v2\/comments?post=465"}],"version-history":[{"count":1,"href":"https:\/\/agora.xtec.cat\/ceipmdangels\/wp-json\/wp\/v2\/posts\/465\/revisions"}],"predecessor-version":[{"id":970,"href":"https:\/\/agora.xtec.cat\/ceipmdangels\/wp-json\/wp\/v2\/posts\/465\/revisions\/970"}],"wp:attachment":[{"href":"https:\/\/agora.xtec.cat\/ceipmdangels\/wp-json\/wp\/v2\/media?parent=465"}],"wp:term":[{"taxonomy":"category","embeddable":true,"href":"https:\/\/agora.xtec.cat\/ceipmdangels\/wp-json\/wp\/v2\/categories?post=465"},{"taxonomy":"post_tag","embeddable":true,"href":"https:\/\/agora.xtec.cat\/ceipmdangels\/wp-json\/wp\/v2\/tags?post=465"}],"curies":[{"name":"wp","href":"https:\/\/api.w.org\/{rel}","templated":true}]}}