{"id":4181,"date":"2020-02-20T07:37:43","date_gmt":"2020-02-20T07:37:43","guid":{"rendered":"https:\/\/agora.xtec.cat\/ceipmdangels\/?p=4181"},"modified":"2020-02-20T08:00:38","modified_gmt":"2020-02-20T08:00:38","slug":"el-canvio-climatico","status":"publish","type":"post","link":"https:\/\/agora.xtec.cat\/ceipmdangels\/19-20\/19-20-19-20\/el-canvio-climatico\/","title":{"rendered":"EL CANVIO CLIM\u00c1TICO"},"content":{"rendered":"<p><a href=\"https:\/\/agora.xtec.cat\/ceipmdangels\/wp-content\/uploads\/usu320\/2020\/02\/Captura-de-Pantalla-2020-02-20-a-les-7.49.00.png\"><img loading=\"lazy\" decoding=\"async\" class=\"wp-image-4182 alignleft\" src=\"https:\/\/agora.xtec.cat\/ceipmdangels\/wp-content\/uploads\/usu320\/2020\/02\/Captura-de-Pantalla-2020-02-20-a-les-7.49.00-300x273.png\" alt=\"\" width=\"148\" height=\"135\" srcset=\"https:\/\/agora.xtec.cat\/ceipmdangels\/wp-content\/uploads\/usu320\/2020\/02\/Captura-de-Pantalla-2020-02-20-a-les-7.49.00-300x273.png 300w, https:\/\/agora.xtec.cat\/ceipmdangels\/wp-content\/uploads\/usu320\/2020\/02\/Captura-de-Pantalla-2020-02-20-a-les-7.49.00.png 396w\" sizes=\"auto, (max-width: 148px) 100vw, 148px\" \/><\/a>A l&#8217;\u00e0rea de llengua castellana estem treballat la publicitat escrita i radiof\u00f2nica. Com que estem immersos amb el tema sobre el canvi clim\u00e0tic i les seves conseq\u00fc\u00e8ncies al carnestoltes i a l&#8217;\u00e0rea de medi natural, l&#8217;hem aprofitat per a crear els nostre anuncis.<\/p>\n<p>Gaudiu-ne!<\/p>\n<p><iframe loading=\"lazy\" title=\"EL CAMBIO CLIM\u00c1TICO 5\u00baA\" width=\"500\" height=\"281\" src=\"https:\/\/www.youtube.com\/embed\/Sij-qtiP_JM?feature=oembed\" frameborder=\"0\" allow=\"accelerometer; autoplay; clipboard-write; encrypted-media; gyroscope; picture-in-picture; web-share\" referrerpolicy=\"strict-origin-when-cross-origin\" allowfullscreen><\/iframe><\/p>\n<p>&nbsp;<\/p>\n<p>&nbsp;<\/p>\n","protected":false},"excerpt":{"rendered":"<p><a href=\"https:\/\/agora.xtec.cat\/ceipmdangels\/wp-content\/uploads\/usu320\/2020\/02\/Captura-de-Pantalla-2020-02-20-a-les-7.49.00.png\"><\/a>A l&#8217;\u00e0rea de llengua castellana estem treballat la publicitat escrita i radiof\u00f2nica. Com que estem immersos amb el tema sobre el canvi clim\u00e0tic i les seves conseq\u00fc\u00e8ncies al carnestoltes i a l&#8217;\u00e0rea de medi natural, l&#8217;hem aprofitat per a crear els nostre anuncis.<br \/>\nGaudiu-ne!<\/p>\n<p>&nbsp;<br \/>\n&nbsp;<\/p>\n","protected":false},"author":1,"featured_media":2886,"comment_status":"closed","ping_status":"closed","sticky":false,"template":"","format":"standard","meta":{"_bbp_topic_count":0,"_bbp_reply_count":0,"_bbp_total_topic_count":0,"_bbp_total_reply_count":0,"_bbp_voice_count":0,"_bbp_anonymous_reply_count":0,"_bbp_topic_count_hidden":0,"_bbp_reply_count_hidden":0,"_bbp_forum_subforum_count":0,"footnotes":""},"categories":[79,96],"tags":[],"class_list":["post-4181","post","type-post","status-publish","format-standard","has-post-thumbnail","hentry","category-19-20-19-20","category-19-20"],"post_mailing_queue_ids":[],"_links":{"self":[{"href":"https:\/\/agora.xtec.cat\/ceipmdangels\/wp-json\/wp\/v2\/posts\/4181","targetHints":{"allow":["GET"]}}],"collection":[{"href":"https:\/\/agora.xtec.cat\/ceipmdangels\/wp-json\/wp\/v2\/posts"}],"about":[{"href":"https:\/\/agora.xtec.cat\/ceipmdangels\/wp-json\/wp\/v2\/types\/post"}],"author":[{"embeddable":true,"href":"https:\/\/agora.xtec.cat\/ceipmdangels\/wp-json\/wp\/v2\/users\/1"}],"replies":[{"embeddable":true,"href":"https:\/\/agora.xtec.cat\/ceipmdangels\/wp-json\/wp\/v2\/comments?post=4181"}],"version-history":[{"count":3,"href":"https:\/\/agora.xtec.cat\/ceipmdangels\/wp-json\/wp\/v2\/posts\/4181\/revisions"}],"predecessor-version":[{"id":4186,"href":"https:\/\/agora.xtec.cat\/ceipmdangels\/wp-json\/wp\/v2\/posts\/4181\/revisions\/4186"}],"wp:featuredmedia":[{"embeddable":true,"href":"https:\/\/agora.xtec.cat\/ceipmdangels\/wp-json\/wp\/v2\/media\/2886"}],"wp:attachment":[{"href":"https:\/\/agora.xtec.cat\/ceipmdangels\/wp-json\/wp\/v2\/media?parent=4181"}],"wp:term":[{"taxonomy":"category","embeddable":true,"href":"https:\/\/agora.xtec.cat\/ceipmdangels\/wp-json\/wp\/v2\/categories?post=4181"},{"taxonomy":"post_tag","embeddable":true,"href":"https:\/\/agora.xtec.cat\/ceipmdangels\/wp-json\/wp\/v2\/tags?post=4181"}],"curies":[{"name":"wp","href":"https:\/\/api.w.org\/{rel}","templated":true}]}}