{"id":3988,"date":"2019-12-16T09:19:40","date_gmt":"2019-12-16T08:19:40","guid":{"rendered":"https:\/\/agora.xtec.cat\/ceipmdangels\/?p=3988"},"modified":"2019-12-16T09:31:32","modified_gmt":"2019-12-16T08:31:32","slug":"ubuntu-jo-soc-perque-nosaltres-som","status":"publish","type":"post","link":"https:\/\/agora.xtec.cat\/ceipmdangels\/portada\/ubuntu-jo-soc-perque-nosaltres-som\/","title":{"rendered":"Ubunt\u00fa, jo s\u00f3c perqu\u00e8 nosaltres som"},"content":{"rendered":"<p style=\"text-align: justify;\">Ahir, diumenge 15 de desembre, l\u2019alumnat de 4t de l\u2019escola Els \u00c0ngels va anar a Barcelona a la F\u00e0brica Fabra i Coats per participar al concert\/espectacle del projecte 4Cordes anomenat: <em><strong>Ubunt\u00fa, jo s\u00f3c perqu\u00e8 nosaltres som<\/strong>. <\/em>Juntament amb Aupa Quartet i un quartet de jazz. El concert fou dirigit per Irene Delgado<\/p>\n<p style=\"text-align: justify;\">M\u00e9s de 400 nens i nenes de diverses escoles han format part d\u2019aquesta\u00a0gran producci\u00f3 art\u00edstica amb tot el material de nova creaci\u00f3 que s\u2019ha anat gestant al llarg d\u2019un any: m\u00fasiques, il\u00b7lustracions, el conte que enlla\u00e7a els temes musicals i altres sorpreses.<\/p>\n<p><a href=\"https:\/\/agora.xtec.cat\/ceipmdangels\/wp-content\/uploads\/usu320\/2019\/12\/image0.jpeg\"><img loading=\"lazy\" decoding=\"async\" class=\"aligncenter wp-image-3989 size-full\" src=\"https:\/\/agora.xtec.cat\/ceipmdangels\/wp-content\/uploads\/usu320\/2019\/12\/image0.jpeg\" alt=\"\" width=\"640\" height=\"360\" srcset=\"https:\/\/agora.xtec.cat\/ceipmdangels\/wp-content\/uploads\/usu320\/2019\/12\/image0.jpeg 640w, https:\/\/agora.xtec.cat\/ceipmdangels\/wp-content\/uploads\/usu320\/2019\/12\/image0-300x169.jpeg 300w\" sizes=\"auto, (max-width: 640px) 100vw, 640px\" \/><\/a><\/p>\n<p><a href=\"https:\/\/agora.xtec.cat\/ceipmdangels\/wp-content\/uploads\/usu320\/2019\/12\/image1.jpeg\"><img loading=\"lazy\" decoding=\"async\" class=\"aligncenter wp-image-3990 size-full\" src=\"https:\/\/agora.xtec.cat\/ceipmdangels\/wp-content\/uploads\/usu320\/2019\/12\/image1.jpeg\" alt=\"\" width=\"800\" height=\"451\" srcset=\"https:\/\/agora.xtec.cat\/ceipmdangels\/wp-content\/uploads\/usu320\/2019\/12\/image1.jpeg 800w, https:\/\/agora.xtec.cat\/ceipmdangels\/wp-content\/uploads\/usu320\/2019\/12\/image1-300x169.jpeg 300w, https:\/\/agora.xtec.cat\/ceipmdangels\/wp-content\/uploads\/usu320\/2019\/12\/image1-768x433.jpeg 768w\" sizes=\"auto, (max-width: 800px) 100vw, 800px\" \/><\/a><\/p>\n","protected":false},"excerpt":{"rendered":"<p>Ahir, diumenge 15 de desembre, l\u2019alumnat de 4t de l\u2019escola Els \u00c0ngels va anar a Barcelona a la F\u00e0brica Fabra i Coats per participar al concert\/espectacle del projecte 4Cordes anomenat: Ubunt\u00fa, jo s\u00f3c perqu\u00e8 nosaltres som. Juntament amb Aupa Quartet i un quartet de jazz.&hellip;  <a href=\"https:\/\/agora.xtec.cat\/ceipmdangels\/portada\/ubuntu-jo-soc-perque-nosaltres-som\/\" title=\"Read Ubunt\u00fa, jo s\u00f3c perqu\u00e8 nosaltres som\">Llegeix m\u00e9s\u00bb<\/a><\/p>\n","protected":false},"author":1,"featured_media":0,"comment_status":"closed","ping_status":"closed","sticky":false,"template":"","format":"standard","meta":{"_bbp_topic_count":0,"_bbp_reply_count":0,"_bbp_total_topic_count":0,"_bbp_total_reply_count":0,"_bbp_voice_count":0,"_bbp_anonymous_reply_count":0,"_bbp_topic_count_hidden":0,"_bbp_reply_count_hidden":0,"_bbp_forum_subforum_count":0,"footnotes":""},"categories":[115,96,93,4],"tags":[],"class_list":["post-3988","post","type-post","status-publish","format-standard","hentry","category-4t","category-19-20","category-galeria-curs-19-20","category-portada"],"post_mailing_queue_ids":[],"_links":{"self":[{"href":"https:\/\/agora.xtec.cat\/ceipmdangels\/wp-json\/wp\/v2\/posts\/3988","targetHints":{"allow":["GET"]}}],"collection":[{"href":"https:\/\/agora.xtec.cat\/ceipmdangels\/wp-json\/wp\/v2\/posts"}],"about":[{"href":"https:\/\/agora.xtec.cat\/ceipmdangels\/wp-json\/wp\/v2\/types\/post"}],"author":[{"embeddable":true,"href":"https:\/\/agora.xtec.cat\/ceipmdangels\/wp-json\/wp\/v2\/users\/1"}],"replies":[{"embeddable":true,"href":"https:\/\/agora.xtec.cat\/ceipmdangels\/wp-json\/wp\/v2\/comments?post=3988"}],"version-history":[{"count":3,"href":"https:\/\/agora.xtec.cat\/ceipmdangels\/wp-json\/wp\/v2\/posts\/3988\/revisions"}],"predecessor-version":[{"id":3993,"href":"https:\/\/agora.xtec.cat\/ceipmdangels\/wp-json\/wp\/v2\/posts\/3988\/revisions\/3993"}],"wp:attachment":[{"href":"https:\/\/agora.xtec.cat\/ceipmdangels\/wp-json\/wp\/v2\/media?parent=3988"}],"wp:term":[{"taxonomy":"category","embeddable":true,"href":"https:\/\/agora.xtec.cat\/ceipmdangels\/wp-json\/wp\/v2\/categories?post=3988"},{"taxonomy":"post_tag","embeddable":true,"href":"https:\/\/agora.xtec.cat\/ceipmdangels\/wp-json\/wp\/v2\/tags?post=3988"}],"curies":[{"name":"wp","href":"https:\/\/api.w.org\/{rel}","templated":true}]}}