{"id":3985,"date":"2019-12-16T09:15:29","date_gmt":"2019-12-16T08:15:29","guid":{"rendered":"https:\/\/agora.xtec.cat\/ceipmdangels\/?p=3985"},"modified":"2019-12-16T09:26:15","modified_gmt":"2019-12-16T08:26:15","slug":"svb-suport-vital-basic","status":"publish","type":"post","link":"https:\/\/agora.xtec.cat\/ceipmdangels\/portada\/svb-suport-vital-basic\/","title":{"rendered":"SVB (Suport Vital B\u00e0sic)"},"content":{"rendered":"<p>Trobada dels centres educatius de Tarragona que formen part del programa Suport Vital B\u00e0sic a les escoles. Els alumnes de 6\u00e8 van participar en aquesta jornada realitzada al Palau de Congressos el dia 16-10-19.<\/p>\n<p><iframe loading=\"lazy\" title=\"Programa Suport Vital Escoles 16 Octubre 2019\" width=\"500\" height=\"281\" src=\"https:\/\/www.youtube.com\/embed\/pJvmcc68JsE?feature=oembed\" frameborder=\"0\" allow=\"accelerometer; autoplay; clipboard-write; encrypted-media; gyroscope; picture-in-picture; web-share\" referrerpolicy=\"strict-origin-when-cross-origin\" allowfullscreen><\/iframe><\/p>\n","protected":false},"excerpt":{"rendered":"<p>Trobada dels centres educatius de Tarragona que formen part del programa Suport Vital B\u00e0sic a les escoles. Els alumnes de 6\u00e8 van participar en aquesta jornada realitzada al Palau de Congressos el dia 16-10-19.<\/p>\n","protected":false},"author":1,"featured_media":0,"comment_status":"closed","ping_status":"closed","sticky":false,"template":"","format":"standard","meta":{"_bbp_topic_count":0,"_bbp_reply_count":0,"_bbp_total_topic_count":0,"_bbp_total_reply_count":0,"_bbp_voice_count":0,"_bbp_anonymous_reply_count":0,"_bbp_topic_count_hidden":0,"_bbp_reply_count_hidden":0,"_bbp_forum_subforum_count":0,"footnotes":""},"categories":[113,96,4],"tags":[],"class_list":["post-3985","post","type-post","status-publish","format-standard","hentry","category-curs-19-20","category-19-20","category-portada"],"post_mailing_queue_ids":[],"_links":{"self":[{"href":"https:\/\/agora.xtec.cat\/ceipmdangels\/wp-json\/wp\/v2\/posts\/3985","targetHints":{"allow":["GET"]}}],"collection":[{"href":"https:\/\/agora.xtec.cat\/ceipmdangels\/wp-json\/wp\/v2\/posts"}],"about":[{"href":"https:\/\/agora.xtec.cat\/ceipmdangels\/wp-json\/wp\/v2\/types\/post"}],"author":[{"embeddable":true,"href":"https:\/\/agora.xtec.cat\/ceipmdangels\/wp-json\/wp\/v2\/users\/1"}],"replies":[{"embeddable":true,"href":"https:\/\/agora.xtec.cat\/ceipmdangels\/wp-json\/wp\/v2\/comments?post=3985"}],"version-history":[{"count":1,"href":"https:\/\/agora.xtec.cat\/ceipmdangels\/wp-json\/wp\/v2\/posts\/3985\/revisions"}],"predecessor-version":[{"id":3987,"href":"https:\/\/agora.xtec.cat\/ceipmdangels\/wp-json\/wp\/v2\/posts\/3985\/revisions\/3987"}],"wp:attachment":[{"href":"https:\/\/agora.xtec.cat\/ceipmdangels\/wp-json\/wp\/v2\/media?parent=3985"}],"wp:term":[{"taxonomy":"category","embeddable":true,"href":"https:\/\/agora.xtec.cat\/ceipmdangels\/wp-json\/wp\/v2\/categories?post=3985"},{"taxonomy":"post_tag","embeddable":true,"href":"https:\/\/agora.xtec.cat\/ceipmdangels\/wp-json\/wp\/v2\/tags?post=3985"}],"curies":[{"name":"wp","href":"https:\/\/api.w.org\/{rel}","templated":true}]}}