{"id":381,"date":"2015-01-22T12:11:07","date_gmt":"2015-01-22T11:11:07","guid":{"rendered":"http:\/\/www.escolaelsangels.cat\/?p=381"},"modified":"2022-04-21T15:48:10","modified_gmt":"2022-04-21T13:48:10","slug":"enquesta-sobre-halloween-i-la-castanyada","status":"publish","type":"post","link":"https:\/\/agora.xtec.cat\/ceipmdangels\/cicle-superior\/enquesta-sobre-halloween-i-la-castanyada\/","title":{"rendered":"Enquesta sobre Halloween i la Castanyada"},"content":{"rendered":"<p style=\"text-align: justify;\"><span style=\"color: #ff0000;\"><strong>Enquesta sobre Halloween i la Castanyada<\/strong><\/span><\/p>\n<p style=\"text-align: justify;\">Passada la festa de la Castanyada i Halloween, uns quants alumnes de 6\u00e8 A i B an\u00e0rem fer una enquesta a quatre nens i nenes de cada classe, a tres mestres i al Joan, el conserge, per aconseguir informaci\u00f3 sobre aquestes festes.<\/p>\n<table style=\"width: 194px;\">\n<tbody>\n<tr>\n<td align=\"center\"><a href=\"https:\/\/picasaweb.google.com\/111847518725419516497\/ENQUESTAHALLOWEENLACASTANYADA?authuser=0&amp;authkey=Gv1sRgCLWrpbyvseyjHA&amp;feat=embedwebsite\"><img loading=\"lazy\" decoding=\"async\" style=\"margin: 1px 0 0 4px;\" src=\"https:\/\/lh5.googleusercontent.com\/--axUSas_tOc\/VG3bYNMAHdE\/AAAAAAAAALw\/qYZddDfaPyo\/s160-c\/ENQUESTAHALLOWEENLACASTANYADA.jpg\" alt=\"\" width=\"160\" height=\"160\" \/><\/a><\/td>\n<\/tr>\n<tr>\n<td style=\"text-align: center; font-family: arial,sans-serif; font-size: 11px;\"><a style=\"color: #4d4d4d; font-weight: bold; text-decoration: none;\" href=\"https:\/\/picasaweb.google.com\/111847518725419516497\/ENQUESTAHALLOWEENLACASTANYADA?authuser=0&amp;authkey=Gv1sRgCLWrpbyvseyjHA&amp;feat=embedwebsite\">ENQUESTA HALLOWEEN \/ LA CASTANYADA<\/a><\/td>\n<\/tr>\n<\/tbody>\n<\/table>\n<p style=\"text-align: justify;\">Per mostrar el resultat de la nostra feina i per a qu\u00e8 sigui m\u00e9s f\u00e0cil d\u2019entendre hem fet gr\u00e0fics de barres.<\/p>\n<table style=\"width: 194px;\">\n<tbody>\n<tr>\n<td align=\"center\"><a href=\"https:\/\/picasaweb.google.com\/111847518725419516497\/GraficsCastanyadaIHalloween?authuser=0&amp;authkey=Gv1sRgCJ2N-JjiyN-98QE&amp;feat=embedwebsite\"><img loading=\"lazy\" decoding=\"async\" style=\"margin: 1px 0 0 4px;\" src=\"https:\/\/lh3.googleusercontent.com\/-0QqpRnSUD10\/VMejwb9H3FE\/AAAAAAAAAYM\/49GwjmMg2ps\/s160-c\/GraficsCastanyadaIHalloween.jpg\" alt=\"\" width=\"160\" height=\"160\" \/><\/a><\/td>\n<\/tr>\n<tr>\n<td style=\"text-align: center; font-family: arial,sans-serif; font-size: 11px;\"><a style=\"color: #4d4d4d; font-weight: bold; text-decoration: none;\" href=\"https:\/\/picasaweb.google.com\/111847518725419516497\/GraficsCastanyadaIHalloween?authuser=0&amp;authkey=Gv1sRgCJ2N-JjiyN-98QE&amp;feat=embedwebsite\">Gr\u00e0fics Castanyada i Halloween<\/a><\/td>\n<\/tr>\n<\/tbody>\n<\/table>\n<p style=\"text-align: right;\">Marc, Lukman, Ilias, \u00c1lex<\/p>\n<p style=\"text-align: right;\">&#8211; Alumnes de 6\u00e8 &#8211;<\/p>\n","protected":false},"excerpt":{"rendered":"<p>Enquesta sobre Halloween i la Castanyada<br \/>\nPassada la festa de la Castanyada i Halloween, uns quants alumnes de 6\u00e8 A i B an\u00e0rem fer una enquesta a quatre nens i nenes de cada classe, a tres mestres i al Joan, el conserge, per aconseguir informaci\u00f3 sobre&hellip;  <a href=\"https:\/\/agora.xtec.cat\/ceipmdangels\/cicle-superior\/enquesta-sobre-halloween-i-la-castanyada\/\" title=\"Read Enquesta sobre Halloween i la Castanyada\">Llegeix m\u00e9s\u00bb<\/a><\/p>\n","protected":false},"author":6,"featured_media":0,"comment_status":"closed","ping_status":"closed","sticky":false,"template":"","format":"image","meta":{"_bbp_topic_count":0,"_bbp_reply_count":0,"_bbp_total_topic_count":0,"_bbp_total_reply_count":0,"_bbp_voice_count":0,"_bbp_anonymous_reply_count":0,"_bbp_topic_count_hidden":0,"_bbp_reply_count_hidden":0,"_bbp_forum_subforum_count":0,"footnotes":""},"categories":[25,151],"tags":[],"class_list":["post-381","post","type-post","status-publish","format-image","hentry","category-cicle-superior","category-curs-2014-15","post_format-post-format-image"],"post_mailing_queue_ids":[],"_links":{"self":[{"href":"https:\/\/agora.xtec.cat\/ceipmdangels\/wp-json\/wp\/v2\/posts\/381","targetHints":{"allow":["GET"]}}],"collection":[{"href":"https:\/\/agora.xtec.cat\/ceipmdangels\/wp-json\/wp\/v2\/posts"}],"about":[{"href":"https:\/\/agora.xtec.cat\/ceipmdangels\/wp-json\/wp\/v2\/types\/post"}],"author":[{"embeddable":true,"href":"https:\/\/agora.xtec.cat\/ceipmdangels\/wp-json\/wp\/v2\/users\/6"}],"replies":[{"embeddable":true,"href":"https:\/\/agora.xtec.cat\/ceipmdangels\/wp-json\/wp\/v2\/comments?post=381"}],"version-history":[{"count":2,"href":"https:\/\/agora.xtec.cat\/ceipmdangels\/wp-json\/wp\/v2\/posts\/381\/revisions"}],"predecessor-version":[{"id":2122,"href":"https:\/\/agora.xtec.cat\/ceipmdangels\/wp-json\/wp\/v2\/posts\/381\/revisions\/2122"}],"wp:attachment":[{"href":"https:\/\/agora.xtec.cat\/ceipmdangels\/wp-json\/wp\/v2\/media?parent=381"}],"wp:term":[{"taxonomy":"category","embeddable":true,"href":"https:\/\/agora.xtec.cat\/ceipmdangels\/wp-json\/wp\/v2\/categories?post=381"},{"taxonomy":"post_tag","embeddable":true,"href":"https:\/\/agora.xtec.cat\/ceipmdangels\/wp-json\/wp\/v2\/tags?post=381"}],"curies":[{"name":"wp","href":"https:\/\/api.w.org\/{rel}","templated":true}]}}