{"id":3698,"date":"2019-11-12T16:20:06","date_gmt":"2019-11-12T15:20:06","guid":{"rendered":"https:\/\/agora.xtec.cat\/ceipmdangels\/?p=3698"},"modified":"2019-11-18T09:35:18","modified_gmt":"2019-11-18T08:35:18","slug":"43e-cros-els-angels-9-11-19","status":"publish","type":"post","link":"https:\/\/agora.xtec.cat\/ceipmdangels\/general\/43e-cros-els-angels-9-11-19\/","title":{"rendered":"43\u00e8 Cros Els \u00c0ngels (9-11-19). Recull de fotografies i classifiaci\u00f3"},"content":{"rendered":"<p style=\"text-align: justify;\">El Cros dels \u00c0ngels-la Granja, celebrat el passat dissabte 9 de novembre a la seva 43a edici\u00f3, segueix comptant amb un gran poder de convocat\u00f2ria, tot i el vent que va acompanyar a la jornada, arribant fins a 534 participants i un gran nombre d\u2019espectadors i acompanyants. Xifres molt positives, amb for\u00e7a participaci\u00f3 de categories d\u2019edats petites i de l\u2019escola organitzadora, com tamb\u00e9 de les entitats i escoles que participen cada diumenge a la lliga comarcal.<\/p>\n<p>Clica aqu\u00ed: <a href=\"https:\/\/flic.kr\/s\/aHsmJjY6Ee\">Recull flotogr\u00e0fic del Consell Esportiu del Tarragon\u00e8s<\/a><\/p>\n<p><a href=\"https:\/\/agora.xtec.cat\/ceipmdangels\/wp-content\/uploads\/usu320\/2019\/11\/Sense-ti\u0301tol.pdf\">Classificaci\u00f3<\/a><\/p>\n<p><a href=\"https:\/\/agora.xtec.cat\/ceipmdangels\/wp-content\/uploads\/usu320\/2019\/11\/PHOTO-2019-11-12-15-55-19_3-1.jpg\"><img loading=\"lazy\" decoding=\"async\" class=\"wp-image-3686 alignleft\" src=\"https:\/\/agora.xtec.cat\/ceipmdangels\/wp-content\/uploads\/usu320\/2019\/11\/PHOTO-2019-11-12-15-55-19_3-1-225x300.jpg\" alt=\"\" width=\"191\" height=\"255\" srcset=\"https:\/\/agora.xtec.cat\/ceipmdangels\/wp-content\/uploads\/usu320\/2019\/11\/PHOTO-2019-11-12-15-55-19_3-1-225x300.jpg 225w, https:\/\/agora.xtec.cat\/ceipmdangels\/wp-content\/uploads\/usu320\/2019\/11\/PHOTO-2019-11-12-15-55-19_3-1.jpg 240w\" sizes=\"auto, (max-width: 191px) 100vw, 191px\" \/><\/a>\u00a0\u00a0 <a href=\"https:\/\/agora.xtec.cat\/ceipmdangels\/wp-content\/uploads\/usu320\/2019\/11\/PHOTO-2019-11-12-15-55-18-1.jpg\"><img loading=\"lazy\" decoding=\"async\" class=\"size-medium wp-image-3680 alignleft\" src=\"https:\/\/agora.xtec.cat\/ceipmdangels\/wp-content\/uploads\/usu320\/2019\/11\/PHOTO-2019-11-12-15-55-18-1-300x225.jpg\" alt=\"\" width=\"300\" height=\"225\" srcset=\"https:\/\/agora.xtec.cat\/ceipmdangels\/wp-content\/uploads\/usu320\/2019\/11\/PHOTO-2019-11-12-15-55-18-1-300x225.jpg 300w, https:\/\/agora.xtec.cat\/ceipmdangels\/wp-content\/uploads\/usu320\/2019\/11\/PHOTO-2019-11-12-15-55-18-1-200x150.jpg 200w, https:\/\/agora.xtec.cat\/ceipmdangels\/wp-content\/uploads\/usu320\/2019\/11\/PHOTO-2019-11-12-15-55-18-1.jpg 320w\" sizes=\"auto, (max-width: 300px) 100vw, 300px\" \/><\/a>\u00a0\u00a0 <a href=\"https:\/\/agora.xtec.cat\/ceipmdangels\/wp-content\/uploads\/usu320\/2019\/11\/PHOTO-2019-11-12-15-55-17_2-1.jpg\"><img loading=\"lazy\" decoding=\"async\" class=\"size-medium wp-image-3678 alignleft\" src=\"https:\/\/agora.xtec.cat\/ceipmdangels\/wp-content\/uploads\/usu320\/2019\/11\/PHOTO-2019-11-12-15-55-17_2-1-289x300.jpg\" alt=\"\" width=\"289\" height=\"300\" srcset=\"https:\/\/agora.xtec.cat\/ceipmdangels\/wp-content\/uploads\/usu320\/2019\/11\/PHOTO-2019-11-12-15-55-17_2-1-289x300.jpg 289w, https:\/\/agora.xtec.cat\/ceipmdangels\/wp-content\/uploads\/usu320\/2019\/11\/PHOTO-2019-11-12-15-55-17_2-1.jpg 308w\" sizes=\"auto, (max-width: 289px) 100vw, 289px\" \/><\/a>\u00a0\u00a0\u00a0\u00a0\u00a0\u00a0\u00a0 <a href=\"https:\/\/agora.xtec.cat\/ceipmdangels\/wp-content\/uploads\/usu320\/2019\/11\/PHOTO-2019-11-12-15-55-14-1.jpg\"><img loading=\"lazy\" decoding=\"async\" class=\" wp-image-3672 alignleft\" src=\"https:\/\/agora.xtec.cat\/ceipmdangels\/wp-content\/uploads\/usu320\/2019\/11\/PHOTO-2019-11-12-15-55-14-1-225x300.jpg\" alt=\"\" width=\"182\" height=\"243\" srcset=\"https:\/\/agora.xtec.cat\/ceipmdangels\/wp-content\/uploads\/usu320\/2019\/11\/PHOTO-2019-11-12-15-55-14-1-225x300.jpg 225w, https:\/\/agora.xtec.cat\/ceipmdangels\/wp-content\/uploads\/usu320\/2019\/11\/PHOTO-2019-11-12-15-55-14-1.jpg 240w\" sizes=\"auto, (max-width: 182px) 100vw, 182px\" \/><\/a><\/p>\n<figure class=\"figure wp-caption alignleft\"><a href=\"https:\/\/agora.xtec.cat\/ceipmdangels\/wp-content\/uploads\/usu320\/2019\/11\/PHOTO-2019-11-12-15-55-44-1.jpg\"><img loading=\"lazy\" decoding=\"async\" class=\"size-medium wp-image-3669\" src=\"https:\/\/agora.xtec.cat\/ceipmdangels\/wp-content\/uploads\/usu320\/2019\/11\/PHOTO-2019-11-12-15-55-44-1-225x300.jpg\" alt=\"\" width=\"225\" height=\"300\" srcset=\"https:\/\/agora.xtec.cat\/ceipmdangels\/wp-content\/uploads\/usu320\/2019\/11\/PHOTO-2019-11-12-15-55-44-1-225x300.jpg 225w, https:\/\/agora.xtec.cat\/ceipmdangels\/wp-content\/uploads\/usu320\/2019\/11\/PHOTO-2019-11-12-15-55-44-1-768x1024.jpg 768w, https:\/\/agora.xtec.cat\/ceipmdangels\/wp-content\/uploads\/usu320\/2019\/11\/PHOTO-2019-11-12-15-55-44-1.jpg 1200w\" sizes=\"auto, (max-width: 225px) 100vw, 225px\" \/><\/a><figcaption class=\"wp-caption-text\">Va quedar 1r de pares de l&#8217;escola, per\u00f2 el van inscriure com a Escola d&#8217;atletisme de Mont-roig. Avui li hem donat la copa!<\/figcaption><\/figure>\n<p>&nbsp;<\/p>\n<p>&nbsp;<\/p>\n<p>&nbsp;<\/p>\n<p>&nbsp;<\/p>\n<p>&nbsp;<\/p>\n<p>&nbsp;<\/p>\n<p>&nbsp;<\/p>\n<p>&nbsp;<\/p>\n<p>&nbsp;<\/p>\n<p>&nbsp;<\/p>\n<p><a href=\"https:\/\/agora.xtec.cat\/ceipmdangels\/wp-content\/uploads\/usu320\/2019\/11\/PHOTO-2019-11-12-15-55-22-1.jpg\"><img loading=\"lazy\" decoding=\"async\" class=\"size-medium wp-image-3696 alignleft\" src=\"https:\/\/agora.xtec.cat\/ceipmdangels\/wp-content\/uploads\/usu320\/2019\/11\/PHOTO-2019-11-12-15-55-22-1-300x169.jpg\" alt=\"\" width=\"300\" height=\"169\" srcset=\"https:\/\/agora.xtec.cat\/ceipmdangels\/wp-content\/uploads\/usu320\/2019\/11\/PHOTO-2019-11-12-15-55-22-1-300x169.jpg 300w, https:\/\/agora.xtec.cat\/ceipmdangels\/wp-content\/uploads\/usu320\/2019\/11\/PHOTO-2019-11-12-15-55-22-1.jpg 320w\" sizes=\"auto, (max-width: 300px) 100vw, 300px\" \/><\/a> <a href=\"https:\/\/agora.xtec.cat\/ceipmdangels\/wp-content\/uploads\/usu320\/2019\/11\/PHOTO-2019-11-12-15-55-21_4-1.jpg\"><img loading=\"lazy\" decoding=\"async\" class=\"size-medium wp-image-3695 alignleft\" src=\"https:\/\/agora.xtec.cat\/ceipmdangels\/wp-content\/uploads\/usu320\/2019\/11\/PHOTO-2019-11-12-15-55-21_4-1-225x300.jpg\" alt=\"\" width=\"225\" height=\"300\" srcset=\"https:\/\/agora.xtec.cat\/ceipmdangels\/wp-content\/uploads\/usu320\/2019\/11\/PHOTO-2019-11-12-15-55-21_4-1-225x300.jpg 225w, https:\/\/agora.xtec.cat\/ceipmdangels\/wp-content\/uploads\/usu320\/2019\/11\/PHOTO-2019-11-12-15-55-21_4-1.jpg 240w\" sizes=\"auto, (max-width: 225px) 100vw, 225px\" \/><\/a>\u00a0 <a href=\"https:\/\/agora.xtec.cat\/ceipmdangels\/wp-content\/uploads\/usu320\/2019\/11\/PHOTO-2019-11-12-15-55-21_2-1.jpg\"><img loading=\"lazy\" decoding=\"async\" class=\"aligncenter size-medium wp-image-3693\" src=\"https:\/\/agora.xtec.cat\/ceipmdangels\/wp-content\/uploads\/usu320\/2019\/11\/PHOTO-2019-11-12-15-55-21_2-1-225x300.jpg\" alt=\"\" width=\"225\" height=\"300\" srcset=\"https:\/\/agora.xtec.cat\/ceipmdangels\/wp-content\/uploads\/usu320\/2019\/11\/PHOTO-2019-11-12-15-55-21_2-1-225x300.jpg 225w, https:\/\/agora.xtec.cat\/ceipmdangels\/wp-content\/uploads\/usu320\/2019\/11\/PHOTO-2019-11-12-15-55-21_2-1.jpg 240w\" sizes=\"auto, (max-width: 225px) 100vw, 225px\" \/><\/a>\u00a0\u00a0 <a href=\"https:\/\/agora.xtec.cat\/ceipmdangels\/wp-content\/uploads\/usu320\/2019\/11\/PHOTO-2019-11-12-15-55-20-1.jpg\"><img loading=\"lazy\" decoding=\"async\" class=\"alignleft wp-image-3687 size-medium\" src=\"https:\/\/agora.xtec.cat\/ceipmdangels\/wp-content\/uploads\/usu320\/2019\/11\/PHOTO-2019-11-12-15-55-20-1-300x225.jpg\" alt=\"\" width=\"300\" height=\"225\" srcset=\"https:\/\/agora.xtec.cat\/ceipmdangels\/wp-content\/uploads\/usu320\/2019\/11\/PHOTO-2019-11-12-15-55-20-1-300x225.jpg 300w, https:\/\/agora.xtec.cat\/ceipmdangels\/wp-content\/uploads\/usu320\/2019\/11\/PHOTO-2019-11-12-15-55-20-1-200x150.jpg 200w, https:\/\/agora.xtec.cat\/ceipmdangels\/wp-content\/uploads\/usu320\/2019\/11\/PHOTO-2019-11-12-15-55-20-1.jpg 320w\" sizes=\"auto, (max-width: 300px) 100vw, 300px\" \/><\/a>\u00a0 <a href=\"https:\/\/agora.xtec.cat\/ceipmdangels\/wp-content\/uploads\/usu320\/2019\/11\/PHOTO-2019-11-12-15-55-20_2-1.jpg\"><img loading=\"lazy\" decoding=\"async\" class=\"alignleft wp-image-3689 size-medium\" src=\"https:\/\/agora.xtec.cat\/ceipmdangels\/wp-content\/uploads\/usu320\/2019\/11\/PHOTO-2019-11-12-15-55-20_2-1-300x250.jpg\" alt=\"\" width=\"300\" height=\"250\" srcset=\"https:\/\/agora.xtec.cat\/ceipmdangels\/wp-content\/uploads\/usu320\/2019\/11\/PHOTO-2019-11-12-15-55-20_2-1-300x250.jpg 300w, https:\/\/agora.xtec.cat\/ceipmdangels\/wp-content\/uploads\/usu320\/2019\/11\/PHOTO-2019-11-12-15-55-20_2-1.jpg 320w\" sizes=\"auto, (max-width: 300px) 100vw, 300px\" \/><\/a><\/p>\n","protected":false},"excerpt":{"rendered":"<p>El Cros dels \u00c0ngels-la Granja, celebrat el passat dissabte 9 de novembre a la seva 43a edici\u00f3, segueix comptant amb un gran poder de convocat\u00f2ria, tot i el vent que va acompanyar a la jornada, arribant fins a 534 participants i un gran nombre d\u2019espectadors&hellip;  <a href=\"https:\/\/agora.xtec.cat\/ceipmdangels\/general\/43e-cros-els-angels-9-11-19\/\" title=\"Read 43\u00e8 Cros Els \u00c0ngels (9-11-19). Recull de fotografies i classifiaci\u00f3\">Llegeix m\u00e9s\u00bb<\/a><\/p>\n","protected":false},"author":1,"featured_media":3697,"comment_status":"closed","ping_status":"closed","sticky":false,"template":"","format":"standard","meta":{"_bbp_topic_count":0,"_bbp_reply_count":0,"_bbp_total_topic_count":0,"_bbp_total_reply_count":0,"_bbp_voice_count":0,"_bbp_anonymous_reply_count":0,"_bbp_topic_count_hidden":0,"_bbp_reply_count_hidden":0,"_bbp_forum_subforum_count":0,"footnotes":""},"categories":[1,4],"tags":[],"class_list":["post-3698","post","type-post","status-publish","format-standard","has-post-thumbnail","hentry","category-general","category-portada"],"post_mailing_queue_ids":[],"_links":{"self":[{"href":"https:\/\/agora.xtec.cat\/ceipmdangels\/wp-json\/wp\/v2\/posts\/3698","targetHints":{"allow":["GET"]}}],"collection":[{"href":"https:\/\/agora.xtec.cat\/ceipmdangels\/wp-json\/wp\/v2\/posts"}],"about":[{"href":"https:\/\/agora.xtec.cat\/ceipmdangels\/wp-json\/wp\/v2\/types\/post"}],"author":[{"embeddable":true,"href":"https:\/\/agora.xtec.cat\/ceipmdangels\/wp-json\/wp\/v2\/users\/1"}],"replies":[{"embeddable":true,"href":"https:\/\/agora.xtec.cat\/ceipmdangels\/wp-json\/wp\/v2\/comments?post=3698"}],"version-history":[{"count":4,"href":"https:\/\/agora.xtec.cat\/ceipmdangels\/wp-json\/wp\/v2\/posts\/3698\/revisions"}],"predecessor-version":[{"id":3759,"href":"https:\/\/agora.xtec.cat\/ceipmdangels\/wp-json\/wp\/v2\/posts\/3698\/revisions\/3759"}],"wp:featuredmedia":[{"embeddable":true,"href":"https:\/\/agora.xtec.cat\/ceipmdangels\/wp-json\/wp\/v2\/media\/3697"}],"wp:attachment":[{"href":"https:\/\/agora.xtec.cat\/ceipmdangels\/wp-json\/wp\/v2\/media?parent=3698"}],"wp:term":[{"taxonomy":"category","embeddable":true,"href":"https:\/\/agora.xtec.cat\/ceipmdangels\/wp-json\/wp\/v2\/categories?post=3698"},{"taxonomy":"post_tag","embeddable":true,"href":"https:\/\/agora.xtec.cat\/ceipmdangels\/wp-json\/wp\/v2\/tags?post=3698"}],"curies":[{"name":"wp","href":"https:\/\/api.w.org\/{rel}","templated":true}]}}