{"id":363,"date":"2015-01-15T12:25:17","date_gmt":"2015-01-15T11:25:17","guid":{"rendered":"http:\/\/www.escolaelsangels.cat\/?p=363"},"modified":"2022-04-21T15:47:31","modified_gmt":"2022-04-21T13:47:31","slug":"els-pastorets-den-bon-magi","status":"publish","type":"post","link":"https:\/\/agora.xtec.cat\/ceipmdangels\/portada\/els-pastorets-den-bon-magi\/","title":{"rendered":"Els Pastorets d&#8217;en bon Mag\u00ed"},"content":{"rendered":"<table style=\"width: 194px\">\n<tbody>\n<tr>\n<td align=\"center\"><a href=\"https:\/\/picasaweb.google.com\/111847518725419516497\/ElsPastoretsDEnBonMagi?authuser=0&amp;authkey=Gv1sRgCMmyr6Gi4p_laA&amp;feat=embedwebsite\"><img loading=\"lazy\" decoding=\"async\" style=\"margin: 1px 0 0 4px\" src=\"https:\/\/lh6.googleusercontent.com\/-Q2yrQ43d4P8\/VLetsqmpiDE\/AAAAAAAAAW4\/zeMhaYk78w0\/s160-c\/ElsPastoretsDEnBonMagi.jpg\" alt=\"\" width=\"160\" height=\"160\" \/><\/a><\/td>\n<\/tr>\n<tr>\n<td style=\"text-align: center;font-family: arial,sans-serif;font-size: 11px\"><a style=\"color: #4d4d4d;font-weight: bold;text-decoration: none\" href=\"https:\/\/picasaweb.google.com\/111847518725419516497\/ElsPastoretsDEnBonMagi?authuser=0&amp;authkey=Gv1sRgCMmyr6Gi4p_laA&amp;feat=embedwebsite\">Els Pastorets d&#8217;en bon Mag\u00ed<\/a><\/td>\n<\/tr>\n<\/tbody>\n<\/table>\n<p>Els alumnes de 6\u00e8 de l&#8217;escola durant el primer trimestre a l&#8217;activitat de teatre ens han preparat l&#8217;obra: <strong>&#8220;Els Pastorets d&#8217;en bon Mag\u00ed&#8221;<\/strong> i la resta d&#8217;alumnat l&#8217;hem pogut veure i gaudir al <em>Centre C\u00edvic de Torreforta<\/em> el dia 19 de desembre del 2014.<\/p>\n<p>Tamb\u00e9 una selecci\u00f3 d&#8217;alumnes de 6\u00e8 van anar a la <em>Resid\u00e8ncia de Ponent<\/em> a representar l&#8217;obra per als residents.<\/p>\n","protected":false},"excerpt":{"rendered":"<p><a href=\"https:\/\/picasaweb.google.com\/111847518725419516497\/ElsPastoretsDEnBonMagi?authuser=0&amp;authkey=Gv1sRgCMmyr6Gi4p_laA&amp;feat=embedwebsite\"><\/a><\/p>\n<p><a style=\"color: #4d4d4d;font-weight: bold;text-decoration: none\" href=\"https:\/\/picasaweb.google.com\/111847518725419516497\/ElsPastoretsDEnBonMagi?authuser=0&amp;authkey=Gv1sRgCMmyr6Gi4p_laA&amp;feat=embedwebsite\">Els Pastorets d&#8217;en bon Mag\u00ed<\/a><\/p>\n<p>Els alumnes de 6\u00e8 de l&#8217;escola durant el primer trimestre a l&#8217;activitat de teatre ens han preparat l&#8217;obra: &#8220;Els Pastorets d&#8217;en bon Mag\u00ed&#8221; i la resta d&#8217;alumnat l&#8217;hem pogut veure i gaudir al Centre C\u00edvic&hellip;  <a href=\"https:\/\/agora.xtec.cat\/ceipmdangels\/portada\/els-pastorets-den-bon-magi\/\" title=\"Read Els Pastorets d&#8217;en bon Mag\u00ed\">Llegeix m\u00e9s\u00bb<\/a><\/p>\n","protected":false},"author":6,"featured_media":0,"comment_status":"closed","ping_status":"open","sticky":false,"template":"","format":"standard","meta":{"_bbp_topic_count":0,"_bbp_reply_count":0,"_bbp_total_topic_count":0,"_bbp_total_reply_count":0,"_bbp_voice_count":0,"_bbp_anonymous_reply_count":0,"_bbp_topic_count_hidden":0,"_bbp_reply_count_hidden":0,"_bbp_forum_subforum_count":0,"footnotes":""},"categories":[21,25,151,4,37],"tags":[],"class_list":["post-363","post","type-post","status-publish","format-standard","hentry","category-activitats-comunes","category-cicle-superior","category-curs-2014-15","category-portada","category-teatre"],"post_mailing_queue_ids":[],"_links":{"self":[{"href":"https:\/\/agora.xtec.cat\/ceipmdangels\/wp-json\/wp\/v2\/posts\/363","targetHints":{"allow":["GET"]}}],"collection":[{"href":"https:\/\/agora.xtec.cat\/ceipmdangels\/wp-json\/wp\/v2\/posts"}],"about":[{"href":"https:\/\/agora.xtec.cat\/ceipmdangels\/wp-json\/wp\/v2\/types\/post"}],"author":[{"embeddable":true,"href":"https:\/\/agora.xtec.cat\/ceipmdangels\/wp-json\/wp\/v2\/users\/6"}],"replies":[{"embeddable":true,"href":"https:\/\/agora.xtec.cat\/ceipmdangels\/wp-json\/wp\/v2\/comments?post=363"}],"version-history":[{"count":1,"href":"https:\/\/agora.xtec.cat\/ceipmdangels\/wp-json\/wp\/v2\/posts\/363\/revisions"}],"predecessor-version":[{"id":703,"href":"https:\/\/agora.xtec.cat\/ceipmdangels\/wp-json\/wp\/v2\/posts\/363\/revisions\/703"}],"wp:attachment":[{"href":"https:\/\/agora.xtec.cat\/ceipmdangels\/wp-json\/wp\/v2\/media?parent=363"}],"wp:term":[{"taxonomy":"category","embeddable":true,"href":"https:\/\/agora.xtec.cat\/ceipmdangels\/wp-json\/wp\/v2\/categories?post=363"},{"taxonomy":"post_tag","embeddable":true,"href":"https:\/\/agora.xtec.cat\/ceipmdangels\/wp-json\/wp\/v2\/tags?post=363"}],"curies":[{"name":"wp","href":"https:\/\/api.w.org\/{rel}","templated":true}]}}