{"id":342,"date":"2014-12-04T12:27:39","date_gmt":"2014-12-04T11:27:39","guid":{"rendered":"http:\/\/www.escolaelsangels.cat\/?p=342"},"modified":"2022-04-21T15:46:40","modified_gmt":"2022-04-21T13:46:40","slug":"petits-nens-i-nenes-de-tarraco","status":"publish","type":"post","link":"https:\/\/agora.xtec.cat\/ceipmdangels\/cicle-inicial\/petits-nens-i-nenes-de-tarraco\/","title":{"rendered":"Petits nens i nenes de Tarraco"},"content":{"rendered":"<table style=\"width: 194px;\">\n<tbody>\n<tr>\n<td align=\"center\"><a href=\"https:\/\/picasaweb.google.com\/113975823311028237705\/ElsPetitsNensINenesDeTarraco?authuser=0&amp;authkey=Gv1sRgCMiH3_3hpL_caw&amp;feat=embedwebsite\"><img loading=\"lazy\" decoding=\"async\" style=\"margin: 1px 0 0 4px;\" src=\"https:\/\/lh3.googleusercontent.com\/-rxvpmi64tWA\/VIBO4o8pCZE\/AAAAAAAAAIM\/cnVqQm88j7s\/s160-c\/ElsPetitsNensINenesDeTarraco.jpg\" alt=\"\" width=\"160\" height=\"160\" \/><\/a><\/td>\n<\/tr>\n<tr>\n<td style=\"text-align: center; font-family: arial,sans-serif; font-size: 11px;\"><a style=\"color: #4d4d4d; font-weight: bold; text-decoration: none;\" href=\"https:\/\/picasaweb.google.com\/113975823311028237705\/ElsPetitsNensINenesDeTarraco?authuser=0&amp;authkey=Gv1sRgCMiH3_3hpL_caw&amp;feat=embedwebsite\">Els petits nens i nenes de Tarraco<\/a><\/td>\n<\/tr>\n<\/tbody>\n<\/table>\n<p>Els nens i nens de primer s&#8217;ho van passar d&#8217;all\u00f2 m\u00e9s b\u00e9 viatjant fins a l&#8217;\u00e8poca romana.<\/p>\n<p>Van poder imaginar-se com era la ciutat de Tarraco,\u00a0 qu\u00e8 menjaven, a qu\u00e8 es dedicaven les persones, amb qu\u00e8 jugaven els nens, com vestien i&#8230;sabeu qu\u00e8?<\/p>\n<h2>Es van convertir en <span style=\"color: #993300;\">ROMANS<\/span> I <span style=\"color: #ff9900;\">ROMANES<\/span>.<\/h2>\n<address>Oi qu\u00e8 estan guapos i guapes?<\/address>\n","protected":false},"excerpt":{"rendered":"<p><a href=\"https:\/\/picasaweb.google.com\/113975823311028237705\/ElsPetitsNensINenesDeTarraco?authuser=0&amp;authkey=Gv1sRgCMiH3_3hpL_caw&amp;feat=embedwebsite\"><\/a><\/p>\n<p><a style=\"color: #4d4d4d; font-weight: bold; text-decoration: none;\" href=\"https:\/\/picasaweb.google.com\/113975823311028237705\/ElsPetitsNensINenesDeTarraco?authuser=0&amp;authkey=Gv1sRgCMiH3_3hpL_caw&amp;feat=embedwebsite\">Els petits nens i nenes de Tarraco<\/a><\/p>\n<p>Els nens i nens de primer s&#8217;ho van passar d&#8217;all\u00f2 m\u00e9s b\u00e9 viatjant fins a l&#8217;\u00e8poca romana.<br \/>\nVan poder imaginar-se com era la ciutat de Tarraco,\u00a0 qu\u00e8 menjaven, a qu\u00e8 es dedicaven&hellip;  <a href=\"https:\/\/agora.xtec.cat\/ceipmdangels\/cicle-inicial\/petits-nens-i-nenes-de-tarraco\/\" title=\"Read Petits nens i nenes de Tarraco\">Llegeix m\u00e9s\u00bb<\/a><\/p>\n","protected":false},"author":4,"featured_media":0,"comment_status":"closed","ping_status":"closed","sticky":false,"template":"","format":"standard","meta":{"_bbp_topic_count":0,"_bbp_reply_count":0,"_bbp_total_topic_count":0,"_bbp_total_reply_count":0,"_bbp_voice_count":0,"_bbp_anonymous_reply_count":0,"_bbp_topic_count_hidden":0,"_bbp_reply_count_hidden":0,"_bbp_forum_subforum_count":0,"footnotes":""},"categories":[23,151],"tags":[],"class_list":["post-342","post","type-post","status-publish","format-standard","hentry","category-cicle-inicial","category-curs-2014-15"],"post_mailing_queue_ids":[],"_links":{"self":[{"href":"https:\/\/agora.xtec.cat\/ceipmdangels\/wp-json\/wp\/v2\/posts\/342","targetHints":{"allow":["GET"]}}],"collection":[{"href":"https:\/\/agora.xtec.cat\/ceipmdangels\/wp-json\/wp\/v2\/posts"}],"about":[{"href":"https:\/\/agora.xtec.cat\/ceipmdangels\/wp-json\/wp\/v2\/types\/post"}],"author":[{"embeddable":true,"href":"https:\/\/agora.xtec.cat\/ceipmdangels\/wp-json\/wp\/v2\/users\/4"}],"replies":[{"embeddable":true,"href":"https:\/\/agora.xtec.cat\/ceipmdangels\/wp-json\/wp\/v2\/comments?post=342"}],"version-history":[{"count":2,"href":"https:\/\/agora.xtec.cat\/ceipmdangels\/wp-json\/wp\/v2\/posts\/342\/revisions"}],"predecessor-version":[{"id":2119,"href":"https:\/\/agora.xtec.cat\/ceipmdangels\/wp-json\/wp\/v2\/posts\/342\/revisions\/2119"}],"wp:attachment":[{"href":"https:\/\/agora.xtec.cat\/ceipmdangels\/wp-json\/wp\/v2\/media?parent=342"}],"wp:term":[{"taxonomy":"category","embeddable":true,"href":"https:\/\/agora.xtec.cat\/ceipmdangels\/wp-json\/wp\/v2\/categories?post=342"},{"taxonomy":"post_tag","embeddable":true,"href":"https:\/\/agora.xtec.cat\/ceipmdangels\/wp-json\/wp\/v2\/tags?post=342"}],"curies":[{"name":"wp","href":"https:\/\/api.w.org\/{rel}","templated":true}]}}