{"id":339,"date":"2014-12-04T12:26:33","date_gmt":"2014-12-04T11:26:33","guid":{"rendered":"http:\/\/www.escolaelsangels.cat\/?p=339"},"modified":"2022-04-21T15:46:29","modified_gmt":"2022-04-21T13:46:29","slug":"dia-internacional-contra-la-violencia-de-genere","status":"publish","type":"post","link":"https:\/\/agora.xtec.cat\/ceipmdangels\/activitats-comunes\/dia-internacional-contra-la-violencia-de-genere\/","title":{"rendered":"Dia internacional contra la viol\u00e8ncia de g\u00e8nere"},"content":{"rendered":"<table style=\"width: 194px\">\n<tbody>\n<tr>\n<td align=\"center\"><a href=\"https:\/\/picasaweb.google.com\/111847518725419516497\/DIAINTERNACIONALCONTRALAVIOLENCIADEGENERE25DeNovembre2014?authuser=0&amp;authkey=Gv1sRgCPKiysqowdC-Wg&amp;feat=embedwebsite\"><img loading=\"lazy\" decoding=\"async\" style=\"margin: 1px 0 0 4px\" src=\"https:\/\/lh3.googleusercontent.com\/-RTTQL7PFRJ8\/VIBKr1doVuE\/AAAAAAAAASw\/Mx5PNehaZoc\/s160-c\/DIAINTERNACIONALCONTRALAVIOLENCIADEGENERE25DeNovembre2014.jpg\" alt=\"\" width=\"160\" height=\"160\" \/><\/a><\/td>\n<\/tr>\n<tr>\n<td style=\"text-align: center;font-family: arial,sans-serif;font-size: 11px\"><a style=\"color: #4d4d4d;font-weight: bold;text-decoration: none\" href=\"https:\/\/picasaweb.google.com\/111847518725419516497\/DIAINTERNACIONALCONTRALAVIOLENCIADEGENERE25DeNovembre2014?authuser=0&amp;authkey=Gv1sRgCPKiysqowdC-Wg&amp;feat=embedwebsite\">DIA INTERNACIONAL CONTRA LA VIOL\u00c8NCIA DE G\u00c8NERE 25 de novembre 2014<\/a><\/td>\n<\/tr>\n<\/tbody>\n<\/table>\n<p>En motiu del <strong>&#8220;Dia Internacional Contra la Viol\u00e8ncia de G\u00e8nere&#8221;<\/strong> els alumnes de 4t, 5\u00e8 i 6\u00e8 de l&#8217;escola han realitzat uns tallers.<\/p>\n<p>L&#8217;acte com\u00fa va tenir lloc a la tarda del dia 24 de novembre del 2014 i es va fer al pati un graffiti per simbolitzar les reflexions que s&#8217;havien extret dels propis alumnes envers el tema.<\/p>\n<p><strong><em>Em va semblar molt emocionant perqu\u00e8 mai no havia vist fer un graffiti en directe.<\/em> <\/strong><em>Sergi Mulero Romero 6\u00e9A<\/em><\/p>\n<p><em><strong>A mi em va semblar molt bonic donat que hi ha molta viol\u00e8ncia de g\u00e8nere i perqu\u00e8\u00a0 sigui possible que n&#8217;hi hagi menys, hem de col\u00b7laborar.<\/strong><\/em> <em>Tatyana Martinez Diaz- 6\u00e9 c<\/em><\/p>\n<p><em><strong>Penso que el graffiti va ser molt bonic perqu\u00e8 simbolitza que estem en contra de la viol\u00e8ncia de g\u00e8nere. Espero que al cap dels anys hi hagi menys viol\u00e8ncia de g\u00e8nere.<\/strong> Carme de La Plaza- 5\u00e9B<\/em><\/p>\n<p><em><strong>Jo crec que aix\u00f2 que han fet est\u00e0 molt b\u00e9 perqu\u00e8 aix\u00ed els nens de les escoles no ho facin el dia de dem\u00e0, perqu\u00e8 aquest m\u00f3n sigui millor.<\/strong> Andr\u00e9s Moscoso -5\u00e8 A<\/em><\/p>\n<p><em><strong>Pintar el graffiti ens ha fet pensar com seria la nostra vida de grans i volem parar la viol\u00e8ncia de g\u00e8nere.<\/strong> Abril Hern\u00e1ndez i Ainhoa Zamora &#8211; 4t A, Mireia Navarrete 4t-B<\/em><\/p>\n<p>&nbsp;<\/p>\n","protected":false},"excerpt":{"rendered":"<p><a href=\"https:\/\/picasaweb.google.com\/111847518725419516497\/DIAINTERNACIONALCONTRALAVIOLENCIADEGENERE25DeNovembre2014?authuser=0&amp;authkey=Gv1sRgCPKiysqowdC-Wg&amp;feat=embedwebsite\"><\/a><\/p>\n<p><a style=\"color: #4d4d4d;font-weight: bold;text-decoration: none\" href=\"https:\/\/picasaweb.google.com\/111847518725419516497\/DIAINTERNACIONALCONTRALAVIOLENCIADEGENERE25DeNovembre2014?authuser=0&amp;authkey=Gv1sRgCPKiysqowdC-Wg&amp;feat=embedwebsite\">DIA INTERNACIONAL CONTRA LA VIOL\u00c8NCIA DE G\u00c8NERE 25 de novembre 2014<\/a><\/p>\n<p>En motiu del &#8220;Dia Internacional Contra la Viol\u00e8ncia de G\u00e8nere&#8221; els alumnes de 4t, 5\u00e8 i 6\u00e8 de l&#8217;escola han realitzat uns tallers.<br \/>\nL&#8217;acte com\u00fa va tenir lloc a la&hellip;  <a href=\"https:\/\/agora.xtec.cat\/ceipmdangels\/activitats-comunes\/dia-internacional-contra-la-violencia-de-genere\/\" title=\"Read Dia internacional contra la viol\u00e8ncia de g\u00e8nere\">Llegeix m\u00e9s\u00bb<\/a><\/p>\n","protected":false},"author":6,"featured_media":0,"comment_status":"closed","ping_status":"open","sticky":false,"template":"","format":"standard","meta":{"_bbp_topic_count":0,"_bbp_reply_count":0,"_bbp_total_topic_count":0,"_bbp_total_reply_count":0,"_bbp_voice_count":0,"_bbp_anonymous_reply_count":0,"_bbp_topic_count_hidden":0,"_bbp_reply_count_hidden":0,"_bbp_forum_subforum_count":0,"footnotes":""},"categories":[21,151],"tags":[],"class_list":["post-339","post","type-post","status-publish","format-standard","hentry","category-activitats-comunes","category-curs-2014-15"],"post_mailing_queue_ids":[],"_links":{"self":[{"href":"https:\/\/agora.xtec.cat\/ceipmdangels\/wp-json\/wp\/v2\/posts\/339","targetHints":{"allow":["GET"]}}],"collection":[{"href":"https:\/\/agora.xtec.cat\/ceipmdangels\/wp-json\/wp\/v2\/posts"}],"about":[{"href":"https:\/\/agora.xtec.cat\/ceipmdangels\/wp-json\/wp\/v2\/types\/post"}],"author":[{"embeddable":true,"href":"https:\/\/agora.xtec.cat\/ceipmdangels\/wp-json\/wp\/v2\/users\/6"}],"replies":[{"embeddable":true,"href":"https:\/\/agora.xtec.cat\/ceipmdangels\/wp-json\/wp\/v2\/comments?post=339"}],"version-history":[{"count":1,"href":"https:\/\/agora.xtec.cat\/ceipmdangels\/wp-json\/wp\/v2\/posts\/339\/revisions"}],"predecessor-version":[{"id":978,"href":"https:\/\/agora.xtec.cat\/ceipmdangels\/wp-json\/wp\/v2\/posts\/339\/revisions\/978"}],"wp:attachment":[{"href":"https:\/\/agora.xtec.cat\/ceipmdangels\/wp-json\/wp\/v2\/media?parent=339"}],"wp:term":[{"taxonomy":"category","embeddable":true,"href":"https:\/\/agora.xtec.cat\/ceipmdangels\/wp-json\/wp\/v2\/categories?post=339"},{"taxonomy":"post_tag","embeddable":true,"href":"https:\/\/agora.xtec.cat\/ceipmdangels\/wp-json\/wp\/v2\/tags?post=339"}],"curies":[{"name":"wp","href":"https:\/\/api.w.org\/{rel}","templated":true}]}}