{"id":3322,"date":"2019-05-06T15:36:28","date_gmt":"2019-05-06T13:36:28","guid":{"rendered":"http:\/\/agora.xtec.cat\/ceipmdangels\/?p=3322"},"modified":"2019-05-06T16:07:54","modified_gmt":"2019-05-06T14:07:54","slug":"la-processo-de-les-rates","status":"publish","type":"post","link":"https:\/\/agora.xtec.cat\/ceipmdangels\/portada\/la-processo-de-les-rates\/","title":{"rendered":"LA PROCESS\u00d3 DE LES RATES"},"content":{"rendered":"<h3 style=\"text-align: center;\"><span style=\"color: #000000;\"><strong><a style=\"color: #000000;\" href=\"https:\/\/agora.xtec.cat\/ceipmdangels\/wp-content\/uploads\/usu320\/2019\/05\/activitats-al-voltant-de-la-llegenda.pdf\">ACTIVITATS AL VOLTANT DE LA LLEGENDA <\/a><\/strong><\/span><\/h3>\n<p><img loading=\"lazy\" decoding=\"async\" class=\"aligncenter wp-image-3326 \" src=\"https:\/\/agora.xtec.cat\/ceipmdangels\/wp-content\/uploads\/usu320\/2019\/05\/1-1024x571.jpg\" alt=\"\" width=\"633\" height=\"353\" srcset=\"https:\/\/agora.xtec.cat\/ceipmdangels\/wp-content\/uploads\/usu320\/2019\/05\/1-1024x571.jpg 1024w, https:\/\/agora.xtec.cat\/ceipmdangels\/wp-content\/uploads\/usu320\/2019\/05\/1-300x167.jpg 300w, https:\/\/agora.xtec.cat\/ceipmdangels\/wp-content\/uploads\/usu320\/2019\/05\/1-768x428.jpg 768w, https:\/\/agora.xtec.cat\/ceipmdangels\/wp-content\/uploads\/usu320\/2019\/05\/1.jpg 1351w\" sizes=\"auto, (max-width: 633px) 100vw, 633px\" \/><\/p>\n<p style=\"text-align: justify;\">A l\u2019escola Els \u00c0ngels de Torreforta, aquest curs 2018-2019 dins de les activitats de Pla d\u2019entorn, partint de la llegenda com a fil conductor, vam organitzar una s\u00e8rie d\u2019activitats amb el suport de l\u2019AMPA per a tots els cicles i etapes educatives.<\/p>\n<p><a href=\"https:\/\/agora.xtec.cat\/ceipmdangels\/wp-content\/uploads\/usu320\/2019\/05\/2.jpg\"><img loading=\"lazy\" decoding=\"async\" class=\"aligncenter wp-image-3327 \" src=\"https:\/\/agora.xtec.cat\/ceipmdangels\/wp-content\/uploads\/usu320\/2019\/05\/2.jpg\" alt=\"\" width=\"582\" height=\"436\" srcset=\"https:\/\/agora.xtec.cat\/ceipmdangels\/wp-content\/uploads\/usu320\/2019\/05\/2.jpg 808w, https:\/\/agora.xtec.cat\/ceipmdangels\/wp-content\/uploads\/usu320\/2019\/05\/2-300x225.jpg 300w, https:\/\/agora.xtec.cat\/ceipmdangels\/wp-content\/uploads\/usu320\/2019\/05\/2-768x575.jpg 768w, https:\/\/agora.xtec.cat\/ceipmdangels\/wp-content\/uploads\/usu320\/2019\/05\/2-200x150.jpg 200w\" sizes=\"auto, (max-width: 582px) 100vw, 582px\" \/><\/a><\/p>\n<p style=\"text-align: justify;\">A comen\u00e7aments del mes de mar\u00e7, el Joan Rion\u00e9, contador d\u2019hist\u00f2ries, va venir a la nostra escola i ens va explicar un seguit de contalles molts po\u00e8tiques, curioses i divertides. La voluntat era que els nens i nenes de d\u2019Educaci\u00f3 Infantil i Cicle Inicial gaudissin de la tradici\u00f3 oral de qu\u00e8 beuen les llegendes i que s\u2019ha perdut tant ens els nostres dies.<\/p>\n<p style=\"text-align: justify;\">D\u2019altra banda, l\u2019alumnat de Cicle Mitj\u00e0, va sortir del centre per anar a con\u00e8ixer l\u2019indret que recull, tallat en pedra, la llegenda de la Process\u00f3 de les rates: la catedral. All\u00ed, la Joana Virgili i altres avis de <em>l\u2019Associaci\u00f3 Els Amics de la Catedral de Tarragona<\/em> ens van explicar moltes coses interessants, entre elles tres llegendes: <em>La process\u00f3 de les rates<\/em>, <em>La guineu i el gall<\/em> i <em>La bruixa que llen\u00e7ava pedres<\/em>. A m\u00e9s vam fer un bon grapat d\u2019activitats.<\/p>\n<p><a href=\"https:\/\/agora.xtec.cat\/ceipmdangels\/wp-content\/uploads\/usu320\/2019\/05\/3.jpg\"><img loading=\"lazy\" decoding=\"async\" class=\"aligncenter wp-image-3328 \" src=\"https:\/\/agora.xtec.cat\/ceipmdangels\/wp-content\/uploads\/usu320\/2019\/05\/3-1024x768.jpg\" alt=\"\" width=\"573\" height=\"430\" srcset=\"https:\/\/agora.xtec.cat\/ceipmdangels\/wp-content\/uploads\/usu320\/2019\/05\/3.jpg 1024w, https:\/\/agora.xtec.cat\/ceipmdangels\/wp-content\/uploads\/usu320\/2019\/05\/3-300x225.jpg 300w, https:\/\/agora.xtec.cat\/ceipmdangels\/wp-content\/uploads\/usu320\/2019\/05\/3-768x576.jpg 768w, https:\/\/agora.xtec.cat\/ceipmdangels\/wp-content\/uploads\/usu320\/2019\/05\/3-200x150.jpg 200w\" sizes=\"auto, (max-width: 573px) 100vw, 573px\" \/><\/a><\/p>\n<p>A Cicle Superior, el nostre convidat va ser el Carles Alcoy, bibliotecari i narrador d\u2019hist\u00f2ries. Amb ell vam poder gaudir d\u2019un taller molt engrescador que relacionava les llegendes amb all\u00f2 que ens vol vendre la publicitat i el propi mite personal, \u00e9s a dir, la hist\u00f2ria que hem creat de nosaltres mateixes.<\/p>\n<p style=\"text-align: justify;\"><a href=\"https:\/\/agora.xtec.cat\/ceipmdangels\/wp-content\/uploads\/usu320\/2019\/05\/4.jpg\"><img loading=\"lazy\" decoding=\"async\" class=\"aligncenter wp-image-3329 \" src=\"https:\/\/agora.xtec.cat\/ceipmdangels\/wp-content\/uploads\/usu320\/2019\/05\/4.jpg\" alt=\"\" width=\"505\" height=\"379\" srcset=\"https:\/\/agora.xtec.cat\/ceipmdangels\/wp-content\/uploads\/usu320\/2019\/05\/4.jpg 814w, https:\/\/agora.xtec.cat\/ceipmdangels\/wp-content\/uploads\/usu320\/2019\/05\/4-300x225.jpg 300w, https:\/\/agora.xtec.cat\/ceipmdangels\/wp-content\/uploads\/usu320\/2019\/05\/4-768x576.jpg 768w, https:\/\/agora.xtec.cat\/ceipmdangels\/wp-content\/uploads\/usu320\/2019\/05\/4-200x150.jpg 200w\" sizes=\"auto, (max-width: 505px) 100vw, 505px\" \/><\/a><\/p>\n<p style=\"text-align: justify;\">Paral\u00b7lelament, tots els cicles han anat treballant les llegendes de maneres diverses al llarg de curs.<\/p>\n<p style=\"text-align: justify;\">Cal destacar la realitzaci\u00f3 del curtmetratge que ha fet l\u2019alumnat de cinqu\u00e8 donant una nova visi\u00f3 de g\u00e8nere a la llegenda de la <em>Process\u00f3 de les rates<\/em> i la cartellera que han fet els i les alumnes de sis\u00e8 per promocionar la mateixa. Per veure&#8217;l\u00a0\u00a0<a href=\"https:\/\/www.youtube.com\/watch?v=s7rTKzWolgc&amp;feature=youtu.be\" target=\"_blank\" rel=\"noopener\">AQU\u00cd<\/a><\/p>\n<p><img loading=\"lazy\" decoding=\"async\" class=\"wp-image-3330 aligncenter\" src=\"https:\/\/agora.xtec.cat\/ceipmdangels\/wp-content\/uploads\/usu320\/2019\/05\/4.png\" alt=\"\" width=\"373\" height=\"440\" srcset=\"https:\/\/agora.xtec.cat\/ceipmdangels\/wp-content\/uploads\/usu320\/2019\/05\/4.png 647w, https:\/\/agora.xtec.cat\/ceipmdangels\/wp-content\/uploads\/usu320\/2019\/05\/4-254x300.png 254w\" sizes=\"auto, (max-width: 373px) 100vw, 373px\" \/><\/p>\n<p>Per\u00f2 aix\u00f2 no\u00a0 tot, per Carnaval vam capgirar l\u2019escola i tots i totes, alumnat i professorat, ens vam convertir per un dia en gats i gates, rates i ratolins!!! Una manera m\u00e9s de viure la llegenda des de dins: essent nosaltres els personatges de la mateixa.<\/p>\n<p><img loading=\"lazy\" decoding=\"async\" class=\"aligncenter wp-image-3325 \" src=\"https:\/\/agora.xtec.cat\/ceipmdangels\/wp-content\/uploads\/usu320\/2019\/05\/6-1024x438.jpg\" alt=\"\" width=\"825\" height=\"353\" srcset=\"https:\/\/agora.xtec.cat\/ceipmdangels\/wp-content\/uploads\/usu320\/2019\/05\/6-1024x438.jpg 1024w, https:\/\/agora.xtec.cat\/ceipmdangels\/wp-content\/uploads\/usu320\/2019\/05\/6-300x128.jpg 300w, https:\/\/agora.xtec.cat\/ceipmdangels\/wp-content\/uploads\/usu320\/2019\/05\/6-768x328.jpg 768w, https:\/\/agora.xtec.cat\/ceipmdangels\/wp-content\/uploads\/usu320\/2019\/05\/6.jpg 1352w\" sizes=\"auto, (max-width: 825px) 100vw, 825px\" \/><\/p>\n<p>Per concloure, a partir del 26 d\u2019abril, des de les tutories es visualitzar\u00e0 el curtmetratge fet a l\u2019escola, aix\u00ed com els realitzats per l\u2019alumnat de les escoles pertanyents al pla d\u2019entorn.<\/p>\n<p>&nbsp;<\/p>\n<div class=\"titlewrapper\">\n<p class=\"title\">Lectura i entorn.\u00a0Pla Educatiu d&#8217;Entorn de Tarragona\u00a0<a href=\"http:\/\/lecturaientorn.blogspot.com\/\">http:\/\/lecturaientorn.blogspot.com\/<\/a><\/p>\n<\/div>\n","protected":false},"excerpt":{"rendered":"<p><a style=\"color: #000000;\" href=\"https:\/\/agora.xtec.cat\/ceipmdangels\/wp-content\/uploads\/usu320\/2019\/05\/activitats-al-voltant-de-la-llegenda.pdf\">ACTIVITATS AL VOLTANT DE LA LLEGENDA <\/a><\/p>\n<p>A l\u2019escola Els \u00c0ngels de Torreforta, aquest curs 2018-2019 dins de les activitats de Pla d\u2019entorn, partint de la llegenda com a fil conductor, vam organitzar una s\u00e8rie d\u2019activitats amb el suport de l\u2019AMPA per a&hellip;  <a href=\"https:\/\/agora.xtec.cat\/ceipmdangels\/portada\/la-processo-de-les-rates\/\" title=\"Read LA PROCESS\u00d3 DE LES RATES\">Llegeix m\u00e9s\u00bb<\/a><\/p>\n","protected":false},"author":1,"featured_media":3330,"comment_status":"closed","ping_status":"closed","sticky":false,"template":"","format":"standard","meta":{"_bbp_topic_count":0,"_bbp_reply_count":0,"_bbp_total_topic_count":0,"_bbp_total_reply_count":0,"_bbp_voice_count":0,"_bbp_anonymous_reply_count":0,"_bbp_topic_count_hidden":0,"_bbp_reply_count_hidden":0,"_bbp_forum_subforum_count":0,"footnotes":""},"categories":[90,4],"tags":[],"class_list":["post-3322","post","type-post","status-publish","format-standard","has-post-thumbnail","hentry","category-blog-activitats-comunes-18-19","category-portada"],"post_mailing_queue_ids":[],"_links":{"self":[{"href":"https:\/\/agora.xtec.cat\/ceipmdangels\/wp-json\/wp\/v2\/posts\/3322","targetHints":{"allow":["GET"]}}],"collection":[{"href":"https:\/\/agora.xtec.cat\/ceipmdangels\/wp-json\/wp\/v2\/posts"}],"about":[{"href":"https:\/\/agora.xtec.cat\/ceipmdangels\/wp-json\/wp\/v2\/types\/post"}],"author":[{"embeddable":true,"href":"https:\/\/agora.xtec.cat\/ceipmdangels\/wp-json\/wp\/v2\/users\/1"}],"replies":[{"embeddable":true,"href":"https:\/\/agora.xtec.cat\/ceipmdangels\/wp-json\/wp\/v2\/comments?post=3322"}],"version-history":[{"count":3,"href":"https:\/\/agora.xtec.cat\/ceipmdangels\/wp-json\/wp\/v2\/posts\/3322\/revisions"}],"predecessor-version":[{"id":3340,"href":"https:\/\/agora.xtec.cat\/ceipmdangels\/wp-json\/wp\/v2\/posts\/3322\/revisions\/3340"}],"wp:featuredmedia":[{"embeddable":true,"href":"https:\/\/agora.xtec.cat\/ceipmdangels\/wp-json\/wp\/v2\/media\/3330"}],"wp:attachment":[{"href":"https:\/\/agora.xtec.cat\/ceipmdangels\/wp-json\/wp\/v2\/media?parent=3322"}],"wp:term":[{"taxonomy":"category","embeddable":true,"href":"https:\/\/agora.xtec.cat\/ceipmdangels\/wp-json\/wp\/v2\/categories?post=3322"},{"taxonomy":"post_tag","embeddable":true,"href":"https:\/\/agora.xtec.cat\/ceipmdangels\/wp-json\/wp\/v2\/tags?post=3322"}],"curies":[{"name":"wp","href":"https:\/\/api.w.org\/{rel}","templated":true}]}}