{"id":3299,"date":"2019-05-02T13:19:56","date_gmt":"2019-05-02T11:19:56","guid":{"rendered":"http:\/\/agora.xtec.cat\/ceipmdangels\/?p=3299"},"modified":"2019-05-02T13:19:56","modified_gmt":"2019-05-02T11:19:56","slug":"projecte-les-edats-de-la-historia","status":"publish","type":"post","link":"https:\/\/agora.xtec.cat\/ceipmdangels\/general\/projecte-les-edats-de-la-historia\/","title":{"rendered":"Projecte &#8220;Les Edats de la Hist\u00f2ria&#8221;"},"content":{"rendered":"<p>Durant les dues primeres setmanes d&#8217;abril, vam portar a terme les activitats del projecte, en les quals v\u00e0rem investigar les diferents \u00e8poques de la hist\u00f2ria. El repte d\u2019aquest projecte entronca amb aprenentatges tan fonamentals com la concepci\u00f3 hist\u00f2rica dels fets, l\u2019expressi\u00f3 d\u2019idees, el desenvolupament de la creativitat o l\u2019\u00fas de les noves tecnologies.<\/p>\n<p>Les activitats que vam realitzar van anar des de la confecci\u00f3 de murals amb les caracter\u00edstiques m\u00e9s significatives de cada \u00e8poca (Forma de vestir, menjar, manifestacions culturals i art\u00edstiques), l&#8217;aprenentatge de fets rellevants de cada etapa, els quals es van reflectir en una exposici\u00f3 oral grupal.<\/p>\n<p>Com a cloenda vam realitzar una desfilada de disfresses confeccionades a casa on la m\u00fasica i la diversi\u00f3 no va faltar!!<\/p>\n<p>&nbsp;<\/p>\n","protected":false},"excerpt":{"rendered":"<p>Durant les dues primeres setmanes d&#8217;abril, vam portar a terme les activitats del projecte, en les quals v\u00e0rem investigar les diferents \u00e8poques de la hist\u00f2ria. El repte d\u2019aquest projecte entronca amb aprenentatges tan fonamentals com la concepci\u00f3 hist\u00f2rica dels fets, l\u2019expressi\u00f3 d\u2019idees, el desenvolupament de&hellip;  <a href=\"https:\/\/agora.xtec.cat\/ceipmdangels\/general\/projecte-les-edats-de-la-historia\/\" title=\"Read Projecte &#8220;Les Edats de la Hist\u00f2ria&#8221;\">Llegeix m\u00e9s\u00bb<\/a><\/p>\n","protected":false},"author":14,"featured_media":0,"comment_status":"closed","ping_status":"closed","sticky":false,"template":"","format":"standard","meta":{"_bbp_topic_count":0,"_bbp_reply_count":0,"_bbp_total_topic_count":0,"_bbp_total_reply_count":0,"_bbp_voice_count":0,"_bbp_anonymous_reply_count":0,"_bbp_topic_count_hidden":0,"_bbp_reply_count_hidden":0,"_bbp_forum_subforum_count":0,"footnotes":""},"categories":[1],"tags":[],"class_list":["post-3299","post","type-post","status-publish","format-standard","hentry","category-general"],"post_mailing_queue_ids":[],"_links":{"self":[{"href":"https:\/\/agora.xtec.cat\/ceipmdangels\/wp-json\/wp\/v2\/posts\/3299","targetHints":{"allow":["GET"]}}],"collection":[{"href":"https:\/\/agora.xtec.cat\/ceipmdangels\/wp-json\/wp\/v2\/posts"}],"about":[{"href":"https:\/\/agora.xtec.cat\/ceipmdangels\/wp-json\/wp\/v2\/types\/post"}],"author":[{"embeddable":true,"href":"https:\/\/agora.xtec.cat\/ceipmdangels\/wp-json\/wp\/v2\/users\/14"}],"replies":[{"embeddable":true,"href":"https:\/\/agora.xtec.cat\/ceipmdangels\/wp-json\/wp\/v2\/comments?post=3299"}],"version-history":[{"count":3,"href":"https:\/\/agora.xtec.cat\/ceipmdangels\/wp-json\/wp\/v2\/posts\/3299\/revisions"}],"predecessor-version":[{"id":3303,"href":"https:\/\/agora.xtec.cat\/ceipmdangels\/wp-json\/wp\/v2\/posts\/3299\/revisions\/3303"}],"wp:attachment":[{"href":"https:\/\/agora.xtec.cat\/ceipmdangels\/wp-json\/wp\/v2\/media?parent=3299"}],"wp:term":[{"taxonomy":"category","embeddable":true,"href":"https:\/\/agora.xtec.cat\/ceipmdangels\/wp-json\/wp\/v2\/categories?post=3299"},{"taxonomy":"post_tag","embeddable":true,"href":"https:\/\/agora.xtec.cat\/ceipmdangels\/wp-json\/wp\/v2\/tags?post=3299"}],"curies":[{"name":"wp","href":"https:\/\/api.w.org\/{rel}","templated":true}]}}