{"id":318,"date":"2014-11-06T12:29:14","date_gmt":"2014-11-06T11:29:14","guid":{"rendered":"http:\/\/www.escolaelsangels.cat\/?p=318"},"modified":"2022-04-21T15:45:35","modified_gmt":"2022-04-21T13:45:35","slug":"santa-tecla-2014","status":"publish","type":"post","link":"https:\/\/agora.xtec.cat\/ceipmdangels\/activitats-comunes\/santa-tecla-2014\/","title":{"rendered":"Santa Tecla 2014"},"content":{"rendered":"<table style=\"width: 194px;\">\n<tbody>\n<tr>\n<td align=\"center\"><a href=\"https:\/\/picasaweb.google.com\/111847518725419516497\/SantaTecla?authuser=0&amp;authkey=Gv1sRgCKDq4M6LvLCR0gE&amp;feat=embedwebsite\"><img loading=\"lazy\" decoding=\"async\" style=\"margin: 1px 0 0 4px;\" src=\"https:\/\/lh3.googleusercontent.com\/-LVw7y1GoITA\/VDZqYhoP-DE\/AAAAAAAAACc\/_m7mxm1VDq8\/s160-c\/SantaTecla.jpg\" width=\"160\" height=\"160\" \/><\/a><\/td>\n<\/tr>\n<tr>\n<td style=\"text-align: center; font-family: arial,sans-serif; font-size: 11px;\"><a style=\"color: #4d4d4d; font-weight: bold; text-decoration: none;\" href=\"https:\/\/picasaweb.google.com\/111847518725419516497\/SantaTecla?authuser=0&amp;authkey=Gv1sRgCKDq4M6LvLCR0gE&amp;feat=embedwebsite\">Santa Tecla<\/a><\/td>\n<\/tr>\n<\/tbody>\n<\/table>\n<p>En motiu de les festes de Santa Tecla a l\u2019escola hem rebut la visita dels Xiquets del Serrallo.<\/p>\n<p>Primer ens van fer una petita xerrada on ens explicaven les parts del castell, la roba que porten i vam veure un v\u00eddeo dels Pilars Caminant.<\/p>\n<p>Despr\u00e9s vam ser nosaltres els castellers i amb la seva ajuda els alumnes de P5, 2n i 6\u00e8 vam poder muntar pilars. Fins i tot, vam fer una pinya i pujar els els m\u00e9s petits a dalt per fer un castell !!!<\/p>\n<p>Va ser molt divertit i ens ho vam passar molt b\u00e9 !!!<\/p>\n","protected":false},"excerpt":{"rendered":"<p><a href=\"https:\/\/picasaweb.google.com\/111847518725419516497\/SantaTecla?authuser=0&amp;authkey=Gv1sRgCKDq4M6LvLCR0gE&amp;feat=embedwebsite\"><\/a><\/p>\n<p><a style=\"color: #4d4d4d; font-weight: bold; text-decoration: none;\" href=\"https:\/\/picasaweb.google.com\/111847518725419516497\/SantaTecla?authuser=0&amp;authkey=Gv1sRgCKDq4M6LvLCR0gE&amp;feat=embedwebsite\">Santa Tecla<\/a><\/p>\n<p>En motiu de les festes de Santa Tecla a l\u2019escola hem rebut la visita dels Xiquets del Serrallo.<br \/>\nPrimer ens van fer una petita xerrada on ens explicaven les parts del castell, la roba que porten i&hellip;  <a href=\"https:\/\/agora.xtec.cat\/ceipmdangels\/activitats-comunes\/santa-tecla-2014\/\" title=\"Read Santa Tecla 2014\">Llegeix m\u00e9s\u00bb<\/a><\/p>\n","protected":false},"author":6,"featured_media":0,"comment_status":"closed","ping_status":"closed","sticky":false,"template":"","format":"standard","meta":{"_bbp_topic_count":0,"_bbp_reply_count":0,"_bbp_total_topic_count":0,"_bbp_total_reply_count":0,"_bbp_voice_count":0,"_bbp_anonymous_reply_count":0,"_bbp_topic_count_hidden":0,"_bbp_reply_count_hidden":0,"_bbp_forum_subforum_count":0,"footnotes":""},"categories":[21,151],"tags":[],"class_list":["post-318","post","type-post","status-publish","format-standard","hentry","category-activitats-comunes","category-curs-2014-15"],"post_mailing_queue_ids":[],"_links":{"self":[{"href":"https:\/\/agora.xtec.cat\/ceipmdangels\/wp-json\/wp\/v2\/posts\/318","targetHints":{"allow":["GET"]}}],"collection":[{"href":"https:\/\/agora.xtec.cat\/ceipmdangels\/wp-json\/wp\/v2\/posts"}],"about":[{"href":"https:\/\/agora.xtec.cat\/ceipmdangels\/wp-json\/wp\/v2\/types\/post"}],"author":[{"embeddable":true,"href":"https:\/\/agora.xtec.cat\/ceipmdangels\/wp-json\/wp\/v2\/users\/6"}],"replies":[{"embeddable":true,"href":"https:\/\/agora.xtec.cat\/ceipmdangels\/wp-json\/wp\/v2\/comments?post=318"}],"version-history":[{"count":2,"href":"https:\/\/agora.xtec.cat\/ceipmdangels\/wp-json\/wp\/v2\/posts\/318\/revisions"}],"predecessor-version":[{"id":6611,"href":"https:\/\/agora.xtec.cat\/ceipmdangels\/wp-json\/wp\/v2\/posts\/318\/revisions\/6611"}],"wp:attachment":[{"href":"https:\/\/agora.xtec.cat\/ceipmdangels\/wp-json\/wp\/v2\/media?parent=318"}],"wp:term":[{"taxonomy":"category","embeddable":true,"href":"https:\/\/agora.xtec.cat\/ceipmdangels\/wp-json\/wp\/v2\/categories?post=318"},{"taxonomy":"post_tag","embeddable":true,"href":"https:\/\/agora.xtec.cat\/ceipmdangels\/wp-json\/wp\/v2\/tags?post=318"}],"curies":[{"name":"wp","href":"https:\/\/api.w.org\/{rel}","templated":true}]}}