{"id":1765,"date":"2018-06-05T13:37:24","date_gmt":"2018-06-05T11:37:24","guid":{"rendered":"http:\/\/agora.xtec.cat\/ceipmdangels\/?p=1765"},"modified":"2022-04-21T16:25:02","modified_gmt":"2022-04-21T14:25:02","slug":"4-cordes-al-diari-tarragona","status":"publish","type":"post","link":"https:\/\/agora.xtec.cat\/ceipmdangels\/general\/4-cordes-al-diari-tarragona\/","title":{"rendered":"4 Cordes al Diari Tarragona"},"content":{"rendered":"<p>M\u00fasica con los j\u00f3venes Los 300 ni\u00f1os del Projecte 4 Cordes conmovieron a la sala del Palau de Congressos.<\/p>\n<p><a href=\"http:\/\/agora.xtec.cat\/ceipmdangels\/wp-content\/uploads\/usu320\/2018\/06\/Tralala-i-el-globus-vermell.pdf\"><img loading=\"lazy\" decoding=\"async\" class=\"aligncenter size-full wp-image-1768\" src=\"http:\/\/agora.xtec.cat\/ceipmdangels\/wp-content\/uploads\/usu320\/2018\/06\/dibuix.bmp\" alt=\"\" width=\"923\" height=\"506\" \/><\/a><\/p>\n<p><a href=\"http:\/\/agora.xtec.cat\/ceipmdangels\/wp-content\/uploads\/usu320\/2018\/06\/Tralala-i-el-globus-vermell.pdf\">Tralala i el globus vermell<\/a><\/p>\n","protected":false},"excerpt":{"rendered":"<p>M\u00fasica con los j\u00f3venes Los 300 ni\u00f1os del Projecte 4 Cordes conmovieron a la sala del Palau de Congressos.<br \/>\n<a href=\"http:\/\/agora.xtec.cat\/ceipmdangels\/wp-content\/uploads\/usu320\/2018\/06\/Tralala-i-el-globus-vermell.pdf\"><\/a><br \/>\n<a href=\"http:\/\/agora.xtec.cat\/ceipmdangels\/wp-content\/uploads\/usu320\/2018\/06\/Tralala-i-el-globus-vermell.pdf\">Tralala i el globus vermell<\/a><\/p>\n","protected":false},"author":5,"featured_media":1768,"comment_status":"closed","ping_status":"closed","sticky":false,"template":"","format":"standard","meta":{"_bbp_topic_count":0,"_bbp_reply_count":0,"_bbp_total_topic_count":0,"_bbp_total_reply_count":0,"_bbp_voice_count":0,"_bbp_anonymous_reply_count":0,"_bbp_topic_count_hidden":0,"_bbp_reply_count_hidden":0,"_bbp_forum_subforum_count":0,"footnotes":""},"categories":[21,24,154,1,4],"tags":[],"class_list":["post-1765","post","type-post","status-publish","format-standard","has-post-thumbnail","hentry","category-activitats-comunes","category-cicle-mitja","category-curs-2017-18","category-general","category-portada"],"post_mailing_queue_ids":[],"_links":{"self":[{"href":"https:\/\/agora.xtec.cat\/ceipmdangels\/wp-json\/wp\/v2\/posts\/1765","targetHints":{"allow":["GET"]}}],"collection":[{"href":"https:\/\/agora.xtec.cat\/ceipmdangels\/wp-json\/wp\/v2\/posts"}],"about":[{"href":"https:\/\/agora.xtec.cat\/ceipmdangels\/wp-json\/wp\/v2\/types\/post"}],"author":[{"embeddable":true,"href":"https:\/\/agora.xtec.cat\/ceipmdangels\/wp-json\/wp\/v2\/users\/5"}],"replies":[{"embeddable":true,"href":"https:\/\/agora.xtec.cat\/ceipmdangels\/wp-json\/wp\/v2\/comments?post=1765"}],"version-history":[{"count":3,"href":"https:\/\/agora.xtec.cat\/ceipmdangels\/wp-json\/wp\/v2\/posts\/1765\/revisions"}],"predecessor-version":[{"id":1770,"href":"https:\/\/agora.xtec.cat\/ceipmdangels\/wp-json\/wp\/v2\/posts\/1765\/revisions\/1770"}],"wp:featuredmedia":[{"embeddable":true,"href":"https:\/\/agora.xtec.cat\/ceipmdangels\/wp-json\/wp\/v2\/media\/1768"}],"wp:attachment":[{"href":"https:\/\/agora.xtec.cat\/ceipmdangels\/wp-json\/wp\/v2\/media?parent=1765"}],"wp:term":[{"taxonomy":"category","embeddable":true,"href":"https:\/\/agora.xtec.cat\/ceipmdangels\/wp-json\/wp\/v2\/categories?post=1765"},{"taxonomy":"post_tag","embeddable":true,"href":"https:\/\/agora.xtec.cat\/ceipmdangels\/wp-json\/wp\/v2\/tags?post=1765"}],"curies":[{"name":"wp","href":"https:\/\/api.w.org\/{rel}","templated":true}]}}