{"id":1743,"date":"2018-04-23T13:36:57","date_gmt":"2018-04-23T11:36:57","guid":{"rendered":"http:\/\/agora.xtec.cat\/ceipmdangels\/?p=1743"},"modified":"2022-04-21T16:24:11","modified_gmt":"2022-04-21T14:24:11","slug":"representacio-sant-jordi","status":"publish","type":"post","link":"https:\/\/agora.xtec.cat\/ceipmdangels\/activitats-comunes\/teatre\/representacio-sant-jordi\/","title":{"rendered":"Representaci\u00f3 Sant Jordi"},"content":{"rendered":"<p>El dia 20 d&#8217;abril al mat\u00ed, 3r-B va anar al teatre del Centre C\u00edvic de Torreforta per assistir a una representaci\u00f3 de la Llegenda de Sant Jordi a c\u00e0rrec dels alumnes de 5\u00e8. La posada en escena va ser molt encertada i donava cabuda a tothom, actors i p\u00fablic assistent alhora. El final fou at\u00edpic i molt enaltidor, amb un drac i un Sant Jordi fora de s\u00e8rie. L&#8217;enhorabona!<\/p>\n<p style=\"text-align: center;\"><a href=\"https:\/\/photos.app.goo.gl\/8yT0KnRYz0gfS3iR2\"><strong>Feu clic a la foto per veure l&#8217;\u00e0lbum sencer<\/strong><\/a><\/p>\n<p><a href=\"https:\/\/photos.app.goo.gl\/8yT0KnRYz0gfS3iR2\"><img loading=\"lazy\" decoding=\"async\" class=\"aligncenter size-medium wp-image-1744\" src=\"http:\/\/agora.xtec.cat\/ceipmdangels\/wp-content\/uploads\/usu320\/2018\/04\/9788417000004-300x297.jpg\" alt=\"\" width=\"300\" height=\"297\" srcset=\"https:\/\/agora.xtec.cat\/ceipmdangels\/wp-content\/uploads\/usu320\/2018\/04\/9788417000004-300x297.jpg 300w, https:\/\/agora.xtec.cat\/ceipmdangels\/wp-content\/uploads\/usu320\/2018\/04\/9788417000004-150x150.jpg 150w, https:\/\/agora.xtec.cat\/ceipmdangels\/wp-content\/uploads\/usu320\/2018\/04\/9788417000004-768x760.jpg 768w, https:\/\/agora.xtec.cat\/ceipmdangels\/wp-content\/uploads\/usu320\/2018\/04\/9788417000004.jpg 993w\" sizes=\"auto, (max-width: 300px) 100vw, 300px\" \/><\/a><\/p>\n<p>&nbsp;<\/p>\n<p>&nbsp;<\/p>\n","protected":false},"excerpt":{"rendered":"<p>El dia 20 d&#8217;abril al mat\u00ed, 3r-B va anar al teatre del Centre C\u00edvic de Torreforta per assistir a una representaci\u00f3 de la Llegenda de Sant Jordi a c\u00e0rrec dels alumnes de 5\u00e8. La posada en escena va ser molt encertada i donava cabuda a&hellip;  <a href=\"https:\/\/agora.xtec.cat\/ceipmdangels\/activitats-comunes\/teatre\/representacio-sant-jordi\/\" title=\"Read Representaci\u00f3 Sant Jordi\">Llegeix m\u00e9s\u00bb<\/a><\/p>\n","protected":false},"author":5,"featured_media":1744,"comment_status":"closed","ping_status":"closed","sticky":false,"template":"","format":"standard","meta":{"_bbp_topic_count":0,"_bbp_reply_count":0,"_bbp_total_topic_count":0,"_bbp_total_reply_count":0,"_bbp_voice_count":0,"_bbp_anonymous_reply_count":0,"_bbp_topic_count_hidden":0,"_bbp_reply_count_hidden":0,"_bbp_forum_subforum_count":0,"footnotes":""},"categories":[154,43,37],"tags":[],"class_list":["post-1743","post","type-post","status-publish","format-standard","has-post-thumbnail","hentry","category-curs-2017-18","category-sant-jordi","category-teatre"],"post_mailing_queue_ids":[],"_links":{"self":[{"href":"https:\/\/agora.xtec.cat\/ceipmdangels\/wp-json\/wp\/v2\/posts\/1743","targetHints":{"allow":["GET"]}}],"collection":[{"href":"https:\/\/agora.xtec.cat\/ceipmdangels\/wp-json\/wp\/v2\/posts"}],"about":[{"href":"https:\/\/agora.xtec.cat\/ceipmdangels\/wp-json\/wp\/v2\/types\/post"}],"author":[{"embeddable":true,"href":"https:\/\/agora.xtec.cat\/ceipmdangels\/wp-json\/wp\/v2\/users\/5"}],"replies":[{"embeddable":true,"href":"https:\/\/agora.xtec.cat\/ceipmdangels\/wp-json\/wp\/v2\/comments?post=1743"}],"version-history":[{"count":1,"href":"https:\/\/agora.xtec.cat\/ceipmdangels\/wp-json\/wp\/v2\/posts\/1743\/revisions"}],"predecessor-version":[{"id":1745,"href":"https:\/\/agora.xtec.cat\/ceipmdangels\/wp-json\/wp\/v2\/posts\/1743\/revisions\/1745"}],"wp:featuredmedia":[{"embeddable":true,"href":"https:\/\/agora.xtec.cat\/ceipmdangels\/wp-json\/wp\/v2\/media\/1744"}],"wp:attachment":[{"href":"https:\/\/agora.xtec.cat\/ceipmdangels\/wp-json\/wp\/v2\/media?parent=1743"}],"wp:term":[{"taxonomy":"category","embeddable":true,"href":"https:\/\/agora.xtec.cat\/ceipmdangels\/wp-json\/wp\/v2\/categories?post=1743"},{"taxonomy":"post_tag","embeddable":true,"href":"https:\/\/agora.xtec.cat\/ceipmdangels\/wp-json\/wp\/v2\/tags?post=1743"}],"curies":[{"name":"wp","href":"https:\/\/api.w.org\/{rel}","templated":true}]}}