{"id":1737,"date":"2018-04-23T13:11:37","date_gmt":"2018-04-23T11:11:37","guid":{"rendered":"http:\/\/agora.xtec.cat\/ceipmdangels\/?p=1737"},"modified":"2022-04-21T16:23:52","modified_gmt":"2022-04-21T14:23:52","slug":"projecte-2n-el-circ","status":"publish","type":"post","link":"https:\/\/agora.xtec.cat\/ceipmdangels\/cicle-inicial\/projecte-2n-el-circ\/","title":{"rendered":"Projecte 2n &#8211; El circ"},"content":{"rendered":"<p>Els alumnes de 2n estem fent \u00a0un projecte sobre el circ en el que estem xalant molt\u00edssim! Durant aquests dies, ens hem transformat en aut\u00e8ntics malabaristes, equilibristes, mims, pallassos, mags&#8230; tot aprenent com treballen, quins objectes fan servir, com es vesteixen, etc. Hem fet un treball d\u2019investigaci\u00f3 a casa i a l\u2019escola, sabem qu\u00e8 es un circ, com es munta i quines s\u00f3n les seves parts. Tamb\u00e9 vam fer un taller de maquillatge sobre la tem\u00e0tica del circ divertid\u00edssim. Per una altra banda, hem anat molts anys enrere, i hem conegut els inicis del circ, incidint en el circ rom\u00e0 perqu\u00e8 ten\u00edem molta curiositat. Tamb\u00e9 hem fet una sessi\u00f3 de cinema enfocada a la tem\u00e0tica del circ, en la que hem hagut de comprar la nostra entrada i crispetes amb diners ficticis i buscar la nostra butaca, tot fent una simulaci\u00f3 de la vida real. Una de les coses que m\u00e9s ens han agradat ha estat construir una maqueta de circ!!!! Estem gaudint molt d\u2019aquest projecte en el que estem fomentant el treball en equip i l\u2019esperit cr\u00edtic.<\/p>\n<p style=\"text-align: center;\"><a href=\"https:\/\/photos.app.goo.gl\/5YD0RtvCzidBhzCu2\"><strong>Feu clic a la foto per veure l&#8217;\u00e0lbum sencer<\/strong><\/a><\/p>\n<p><a href=\"https:\/\/photos.app.goo.gl\/5YD0RtvCzidBhzCu2\"><img loading=\"lazy\" decoding=\"async\" class=\"size-large wp-image-1738 aligncenter\" src=\"http:\/\/agora.xtec.cat\/ceipmdangels\/wp-content\/uploads\/usu320\/2018\/04\/IMG_20180406_162418-577x1024.jpg\" alt=\"\" width=\"577\" height=\"1024\" srcset=\"https:\/\/agora.xtec.cat\/ceipmdangels\/wp-content\/uploads\/usu320\/2018\/04\/IMG_20180406_162418-577x1024.jpg 577w, https:\/\/agora.xtec.cat\/ceipmdangels\/wp-content\/uploads\/usu320\/2018\/04\/IMG_20180406_162418-169x300.jpg 169w, https:\/\/agora.xtec.cat\/ceipmdangels\/wp-content\/uploads\/usu320\/2018\/04\/IMG_20180406_162418-768x1362.jpg 768w, https:\/\/agora.xtec.cat\/ceipmdangels\/wp-content\/uploads\/usu320\/2018\/04\/IMG_20180406_162418.jpg 1840w\" sizes=\"auto, (max-width: 577px) 100vw, 577px\" \/><\/a><\/p>\n","protected":false},"excerpt":{"rendered":"<p>Els alumnes de 2n estem fent \u00a0un projecte sobre el circ en el que estem xalant molt\u00edssim! Durant aquests dies, ens hem transformat en aut\u00e8ntics malabaristes, equilibristes, mims, pallassos, mags&#8230; tot aprenent com treballen, quins objectes fan servir, com es vesteixen, etc. Hem fet un&hellip;  <a href=\"https:\/\/agora.xtec.cat\/ceipmdangels\/cicle-inicial\/projecte-2n-el-circ\/\" title=\"Read Projecte 2n &#8211; El circ\">Llegeix m\u00e9s\u00bb<\/a><\/p>\n","protected":false},"author":4,"featured_media":1738,"comment_status":"closed","ping_status":"closed","sticky":false,"template":"","format":"standard","meta":{"_bbp_topic_count":0,"_bbp_reply_count":0,"_bbp_total_topic_count":0,"_bbp_total_reply_count":0,"_bbp_voice_count":0,"_bbp_anonymous_reply_count":0,"_bbp_topic_count_hidden":0,"_bbp_reply_count_hidden":0,"_bbp_forum_subforum_count":0,"footnotes":""},"categories":[23,154],"tags":[],"class_list":["post-1737","post","type-post","status-publish","format-standard","has-post-thumbnail","hentry","category-cicle-inicial","category-curs-2017-18"],"post_mailing_queue_ids":[],"_links":{"self":[{"href":"https:\/\/agora.xtec.cat\/ceipmdangels\/wp-json\/wp\/v2\/posts\/1737","targetHints":{"allow":["GET"]}}],"collection":[{"href":"https:\/\/agora.xtec.cat\/ceipmdangels\/wp-json\/wp\/v2\/posts"}],"about":[{"href":"https:\/\/agora.xtec.cat\/ceipmdangels\/wp-json\/wp\/v2\/types\/post"}],"author":[{"embeddable":true,"href":"https:\/\/agora.xtec.cat\/ceipmdangels\/wp-json\/wp\/v2\/users\/4"}],"replies":[{"embeddable":true,"href":"https:\/\/agora.xtec.cat\/ceipmdangels\/wp-json\/wp\/v2\/comments?post=1737"}],"version-history":[{"count":1,"href":"https:\/\/agora.xtec.cat\/ceipmdangels\/wp-json\/wp\/v2\/posts\/1737\/revisions"}],"predecessor-version":[{"id":1739,"href":"https:\/\/agora.xtec.cat\/ceipmdangels\/wp-json\/wp\/v2\/posts\/1737\/revisions\/1739"}],"wp:featuredmedia":[{"embeddable":true,"href":"https:\/\/agora.xtec.cat\/ceipmdangels\/wp-json\/wp\/v2\/media\/1738"}],"wp:attachment":[{"href":"https:\/\/agora.xtec.cat\/ceipmdangels\/wp-json\/wp\/v2\/media?parent=1737"}],"wp:term":[{"taxonomy":"category","embeddable":true,"href":"https:\/\/agora.xtec.cat\/ceipmdangels\/wp-json\/wp\/v2\/categories?post=1737"},{"taxonomy":"post_tag","embeddable":true,"href":"https:\/\/agora.xtec.cat\/ceipmdangels\/wp-json\/wp\/v2\/tags?post=1737"}],"curies":[{"name":"wp","href":"https:\/\/api.w.org\/{rel}","templated":true}]}}