{"id":1684,"date":"2018-02-05T13:29:15","date_gmt":"2018-02-05T12:29:15","guid":{"rendered":"http:\/\/agora.xtec.cat\/ceipmdangels\/?p=1684"},"modified":"2022-04-21T16:21:57","modified_gmt":"2022-04-21T14:21:57","slug":"concert-dhivern-4cordes","status":"publish","type":"post","link":"https:\/\/agora.xtec.cat\/ceipmdangels\/general\/concert-dhivern-4cordes\/","title":{"rendered":"Concert d&#8217;hivern 4Cordes."},"content":{"rendered":"<p>El dia 22 de gener de 2018 els nens i nenes de 3r van actuar al Centre C\u00edvic de Torreforta en el decurs d&#8217;un concert dirigit per tres mestres de m\u00fasica fant\u00e0stics. L&#8217;assist\u00e8ncia com a p\u00fablic de l&#8217;alumnat de 2n i 4t i la de les fam\u00edlies va contribuir al seu \u00e8xit aclaparador.<\/p>\n<p>Tot i els nervis del primer concert, tots plegats van quedar molt contents i van gaudir d&#8217;un concert molt especial.<\/p>\n<p style=\"text-align: center;\"><a href=\"https:\/\/photos.app.goo.gl\/fFwvLIFcyhT3mDTt1\">Feu clic a la foto per veure l&#8217;\u00e0lbum sencer<\/a><\/p>\n<p style=\"text-align: center;\"><a href=\"https:\/\/photos.app.goo.gl\/fFwvLIFcyhT3mDTt1\"><img loading=\"lazy\" decoding=\"async\" class=\"aligncenter size-medium wp-image-1685\" src=\"http:\/\/agora.xtec.cat\/ceipmdangels\/wp-content\/uploads\/usu320\/2018\/02\/IMG-20180122-WA0005-300x169.jpg\" alt=\"\" width=\"300\" height=\"169\" srcset=\"https:\/\/agora.xtec.cat\/ceipmdangels\/wp-content\/uploads\/usu320\/2018\/02\/IMG-20180122-WA0005-300x169.jpg 300w, https:\/\/agora.xtec.cat\/ceipmdangels\/wp-content\/uploads\/usu320\/2018\/02\/IMG-20180122-WA0005-768x432.jpg 768w, https:\/\/agora.xtec.cat\/ceipmdangels\/wp-content\/uploads\/usu320\/2018\/02\/IMG-20180122-WA0005-1024x576.jpg 1024w, https:\/\/agora.xtec.cat\/ceipmdangels\/wp-content\/uploads\/usu320\/2018\/02\/IMG-20180122-WA0005.jpg 1328w\" sizes=\"auto, (max-width: 300px) 100vw, 300px\" \/><\/a><\/p>\n<p style=\"text-align: center;\">\n","protected":false},"excerpt":{"rendered":"<p>El dia 22 de gener de 2018 els nens i nenes de 3r van actuar al Centre C\u00edvic de Torreforta en el decurs d&#8217;un concert dirigit per tres mestres de m\u00fasica fant\u00e0stics. L&#8217;assist\u00e8ncia com a p\u00fablic de l&#8217;alumnat de 2n i 4t i la de&hellip;  <a href=\"https:\/\/agora.xtec.cat\/ceipmdangels\/general\/concert-dhivern-4cordes\/\" title=\"Read Concert d&#8217;hivern 4Cordes.\">Llegeix m\u00e9s\u00bb<\/a><\/p>\n","protected":false},"author":5,"featured_media":1686,"comment_status":"closed","ping_status":"closed","sticky":false,"template":"","format":"standard","meta":{"_bbp_topic_count":0,"_bbp_reply_count":0,"_bbp_total_topic_count":0,"_bbp_total_reply_count":0,"_bbp_voice_count":0,"_bbp_anonymous_reply_count":0,"_bbp_topic_count_hidden":0,"_bbp_reply_count_hidden":0,"_bbp_forum_subforum_count":0,"footnotes":""},"categories":[24,154,1,4],"tags":[],"class_list":["post-1684","post","type-post","status-publish","format-standard","has-post-thumbnail","hentry","category-cicle-mitja","category-curs-2017-18","category-general","category-portada"],"post_mailing_queue_ids":[],"_links":{"self":[{"href":"https:\/\/agora.xtec.cat\/ceipmdangels\/wp-json\/wp\/v2\/posts\/1684","targetHints":{"allow":["GET"]}}],"collection":[{"href":"https:\/\/agora.xtec.cat\/ceipmdangels\/wp-json\/wp\/v2\/posts"}],"about":[{"href":"https:\/\/agora.xtec.cat\/ceipmdangels\/wp-json\/wp\/v2\/types\/post"}],"author":[{"embeddable":true,"href":"https:\/\/agora.xtec.cat\/ceipmdangels\/wp-json\/wp\/v2\/users\/5"}],"replies":[{"embeddable":true,"href":"https:\/\/agora.xtec.cat\/ceipmdangels\/wp-json\/wp\/v2\/comments?post=1684"}],"version-history":[{"count":1,"href":"https:\/\/agora.xtec.cat\/ceipmdangels\/wp-json\/wp\/v2\/posts\/1684\/revisions"}],"predecessor-version":[{"id":1687,"href":"https:\/\/agora.xtec.cat\/ceipmdangels\/wp-json\/wp\/v2\/posts\/1684\/revisions\/1687"}],"wp:featuredmedia":[{"embeddable":true,"href":"https:\/\/agora.xtec.cat\/ceipmdangels\/wp-json\/wp\/v2\/media\/1686"}],"wp:attachment":[{"href":"https:\/\/agora.xtec.cat\/ceipmdangels\/wp-json\/wp\/v2\/media?parent=1684"}],"wp:term":[{"taxonomy":"category","embeddable":true,"href":"https:\/\/agora.xtec.cat\/ceipmdangels\/wp-json\/wp\/v2\/categories?post=1684"},{"taxonomy":"post_tag","embeddable":true,"href":"https:\/\/agora.xtec.cat\/ceipmdangels\/wp-json\/wp\/v2\/tags?post=1684"}],"curies":[{"name":"wp","href":"https:\/\/api.w.org\/{rel}","templated":true}]}}