{"id":1680,"date":"2018-02-05T13:18:23","date_gmt":"2018-02-05T12:18:23","guid":{"rendered":"http:\/\/agora.xtec.cat\/ceipmdangels\/?p=1680"},"modified":"2022-04-21T16:21:51","modified_gmt":"2022-04-21T14:21:51","slug":"som-pau-were-peace","status":"publish","type":"post","link":"https:\/\/agora.xtec.cat\/ceipmdangels\/general\/som-pau-were-peace\/","title":{"rendered":"SOM PAU, WE\u2019RE PEACE"},"content":{"rendered":"<p>&nbsp;<\/p>\n<p>A l\u2019escola Els \u00c0ngels potser no som tots angelets per\u00f2 fomentem i promovem amb i per la pau. Tots els alumnes del centre hem treballat pr\u00e8viament al dia mundial de la pau, 30 de gener, decidint quines frases i paraules serien les m\u00e9s boniques i encertades per decorar les nostres escales aquest dia. Aix\u00ed, trepitgem les creacions pr\u00f2pies a ritme d\u2019una can\u00e7\u00f3 que ens acompanya a les entrades i sortides de classe: \u201cI\u2019ve got Peace in myfingers\u201d. Amb aquesta can\u00e7\u00f3, a m\u00e9s, els alumnes de prim\u00e0ria s\u2019han trobat en diferents hores de l\u2019\u00e0rea d\u2019angl\u00e8s amb altres grups de diferents cursos, per cantar i ballar plegats. Des d\u2019aquesta \u00e0rea tamb\u00e9 s\u2019ha acabat de complementar la decoraci\u00f3 dels esglaons amb banderoles i altres ornaments on apareixen d\u2019altres frases i paraules en aquesta llengua relacionades amb la pau.\u00a0 Amb tot, hem aconseguit all\u00f2 que la can\u00e7\u00f3 ens convida: pau als nostres dits, als nostres caps i als nostres cors.<\/p>\n<p>Feli\u00e7 dia de la Pau<\/p>\n<p style=\"text-align: center;\"><a href=\"https:\/\/photos.app.goo.gl\/rm6aLC63Pp0ETzS52\">Feu clic a la foto per veure l&#8217;\u00e0lbum sencer<\/a><\/p>\n<p style=\"text-align: center;\"><a href=\"https:\/\/photos.app.goo.gl\/rm6aLC63Pp0ETzS52\"><img loading=\"lazy\" decoding=\"async\" class=\"aligncenter size-medium wp-image-1681\" src=\"http:\/\/agora.xtec.cat\/ceipmdangels\/wp-content\/uploads\/usu320\/2018\/02\/IMG_9837-300x225.jpg\" alt=\"\" width=\"300\" height=\"225\" srcset=\"https:\/\/agora.xtec.cat\/ceipmdangels\/wp-content\/uploads\/usu320\/2018\/02\/IMG_9837-300x225.jpg 300w, https:\/\/agora.xtec.cat\/ceipmdangels\/wp-content\/uploads\/usu320\/2018\/02\/IMG_9837-200x150.jpg 200w, https:\/\/agora.xtec.cat\/ceipmdangels\/wp-content\/uploads\/usu320\/2018\/02\/IMG_9837.jpg 320w\" sizes=\"auto, (max-width: 300px) 100vw, 300px\" \/><\/a><\/p>\n<p style=\"text-align: center;\">\n","protected":false},"excerpt":{"rendered":"<p>&nbsp;<br \/>\nA l\u2019escola Els \u00c0ngels potser no som tots angelets per\u00f2 fomentem i promovem amb i per la pau. Tots els alumnes del centre hem treballat pr\u00e8viament al dia mundial de la pau, 30 de gener, decidint quines frases i paraules serien les m\u00e9s boniques i&hellip;  <a href=\"https:\/\/agora.xtec.cat\/ceipmdangels\/general\/som-pau-were-peace\/\" title=\"Read SOM PAU, WE\u2019RE PEACE\">Llegeix m\u00e9s\u00bb<\/a><\/p>\n","protected":false},"author":5,"featured_media":1681,"comment_status":"closed","ping_status":"closed","sticky":false,"template":"","format":"standard","meta":{"_bbp_topic_count":0,"_bbp_reply_count":0,"_bbp_total_topic_count":0,"_bbp_total_reply_count":0,"_bbp_voice_count":0,"_bbp_anonymous_reply_count":0,"_bbp_topic_count_hidden":0,"_bbp_reply_count_hidden":0,"_bbp_forum_subforum_count":0,"footnotes":""},"categories":[23,24,25,154,30,22,1,4,42],"tags":[],"class_list":["post-1680","post","type-post","status-publish","format-standard","has-post-thumbnail","hentry","category-cicle-inicial","category-cicle-mitja","category-cicle-superior","category-curs-2017-18","category-dia-de-la-pau","category-educacio-infantil","category-general","category-portada","category-religio"],"post_mailing_queue_ids":[],"_links":{"self":[{"href":"https:\/\/agora.xtec.cat\/ceipmdangels\/wp-json\/wp\/v2\/posts\/1680","targetHints":{"allow":["GET"]}}],"collection":[{"href":"https:\/\/agora.xtec.cat\/ceipmdangels\/wp-json\/wp\/v2\/posts"}],"about":[{"href":"https:\/\/agora.xtec.cat\/ceipmdangels\/wp-json\/wp\/v2\/types\/post"}],"author":[{"embeddable":true,"href":"https:\/\/agora.xtec.cat\/ceipmdangels\/wp-json\/wp\/v2\/users\/5"}],"replies":[{"embeddable":true,"href":"https:\/\/agora.xtec.cat\/ceipmdangels\/wp-json\/wp\/v2\/comments?post=1680"}],"version-history":[{"count":2,"href":"https:\/\/agora.xtec.cat\/ceipmdangels\/wp-json\/wp\/v2\/posts\/1680\/revisions"}],"predecessor-version":[{"id":1683,"href":"https:\/\/agora.xtec.cat\/ceipmdangels\/wp-json\/wp\/v2\/posts\/1680\/revisions\/1683"}],"wp:featuredmedia":[{"embeddable":true,"href":"https:\/\/agora.xtec.cat\/ceipmdangels\/wp-json\/wp\/v2\/media\/1681"}],"wp:attachment":[{"href":"https:\/\/agora.xtec.cat\/ceipmdangels\/wp-json\/wp\/v2\/media?parent=1680"}],"wp:term":[{"taxonomy":"category","embeddable":true,"href":"https:\/\/agora.xtec.cat\/ceipmdangels\/wp-json\/wp\/v2\/categories?post=1680"},{"taxonomy":"post_tag","embeddable":true,"href":"https:\/\/agora.xtec.cat\/ceipmdangels\/wp-json\/wp\/v2\/tags?post=1680"}],"curies":[{"name":"wp","href":"https:\/\/api.w.org\/{rel}","templated":true}]}}