{"id":1659,"date":"2018-01-18T13:20:39","date_gmt":"2018-01-18T12:20:39","guid":{"rendered":"http:\/\/agora.xtec.cat\/ceipmdangels\/?p=1659"},"modified":"2022-04-21T16:21:14","modified_gmt":"2022-04-21T14:21:14","slug":"nadal-a-la-residencia-4t","status":"publish","type":"post","link":"https:\/\/agora.xtec.cat\/ceipmdangels\/general\/nadal-a-la-residencia-4t\/","title":{"rendered":"Nadal a la resid\u00e8ncia 4t"},"content":{"rendered":"<p>Els alumnes de 4tC van participar en la tradicional cantat de can\u00e7ons nadalenques a la resid\u00e8ncia Ponent.<\/p>\n<p>Tothom va quedar molt conteta i els alumnes van cantar la nadala que havien preparat aquest any.<\/p>\n<p style=\"text-align: center;\"><a href=\"https:\/\/photos.app.goo.gl\/KOY8ouKAKG8jao9I2\"><strong>Feu clic a la foto per veure l&#8217;\u00e0lbum sencer<\/strong><\/a><\/p>\n<p><a href=\"https:\/\/photos.app.goo.gl\/KOY8ouKAKG8jao9I2\"><img loading=\"lazy\" decoding=\"async\" class=\"aligncenter size-medium wp-image-1661\" src=\"http:\/\/agora.xtec.cat\/ceipmdangels\/wp-content\/uploads\/usu320\/2018\/01\/IMG-20180109-WA0007-300x169.jpg\" alt=\"\" width=\"300\" height=\"169\" srcset=\"https:\/\/agora.xtec.cat\/ceipmdangels\/wp-content\/uploads\/usu320\/2018\/01\/IMG-20180109-WA0007-300x169.jpg 300w, https:\/\/agora.xtec.cat\/ceipmdangels\/wp-content\/uploads\/usu320\/2018\/01\/IMG-20180109-WA0007-768x432.jpg 768w, https:\/\/agora.xtec.cat\/ceipmdangels\/wp-content\/uploads\/usu320\/2018\/01\/IMG-20180109-WA0007-1024x576.jpg 1024w, https:\/\/agora.xtec.cat\/ceipmdangels\/wp-content\/uploads\/usu320\/2018\/01\/IMG-20180109-WA0007.jpg 1600w\" sizes=\"auto, (max-width: 300px) 100vw, 300px\" \/><\/a><\/p>\n","protected":false},"excerpt":{"rendered":"<p>Els alumnes de 4tC van participar en la tradicional cantat de can\u00e7ons nadalenques a la resid\u00e8ncia Ponent.<br \/>\nTothom va quedar molt conteta i els alumnes van cantar la nadala que havien preparat aquest any.<br \/>\n<a href=\"https:\/\/photos.app.goo.gl\/KOY8ouKAKG8jao9I2\">Feu clic a la foto per veure l&#8217;\u00e0lbum sencer<\/a><br \/>\n<a href=\"https:\/\/photos.app.goo.gl\/KOY8ouKAKG8jao9I2\"><\/a><\/p>\n","protected":false},"author":4,"featured_media":1661,"comment_status":"closed","ping_status":"closed","sticky":false,"template":"","format":"standard","meta":{"_bbp_topic_count":0,"_bbp_reply_count":0,"_bbp_total_topic_count":0,"_bbp_total_reply_count":0,"_bbp_voice_count":0,"_bbp_anonymous_reply_count":0,"_bbp_topic_count_hidden":0,"_bbp_reply_count_hidden":0,"_bbp_forum_subforum_count":0,"footnotes":""},"categories":[24,154,1,4],"tags":[],"class_list":["post-1659","post","type-post","status-publish","format-standard","has-post-thumbnail","hentry","category-cicle-mitja","category-curs-2017-18","category-general","category-portada"],"post_mailing_queue_ids":[],"_links":{"self":[{"href":"https:\/\/agora.xtec.cat\/ceipmdangels\/wp-json\/wp\/v2\/posts\/1659","targetHints":{"allow":["GET"]}}],"collection":[{"href":"https:\/\/agora.xtec.cat\/ceipmdangels\/wp-json\/wp\/v2\/posts"}],"about":[{"href":"https:\/\/agora.xtec.cat\/ceipmdangels\/wp-json\/wp\/v2\/types\/post"}],"author":[{"embeddable":true,"href":"https:\/\/agora.xtec.cat\/ceipmdangels\/wp-json\/wp\/v2\/users\/4"}],"replies":[{"embeddable":true,"href":"https:\/\/agora.xtec.cat\/ceipmdangels\/wp-json\/wp\/v2\/comments?post=1659"}],"version-history":[{"count":2,"href":"https:\/\/agora.xtec.cat\/ceipmdangels\/wp-json\/wp\/v2\/posts\/1659\/revisions"}],"predecessor-version":[{"id":1662,"href":"https:\/\/agora.xtec.cat\/ceipmdangels\/wp-json\/wp\/v2\/posts\/1659\/revisions\/1662"}],"wp:featuredmedia":[{"embeddable":true,"href":"https:\/\/agora.xtec.cat\/ceipmdangels\/wp-json\/wp\/v2\/media\/1661"}],"wp:attachment":[{"href":"https:\/\/agora.xtec.cat\/ceipmdangels\/wp-json\/wp\/v2\/media?parent=1659"}],"wp:term":[{"taxonomy":"category","embeddable":true,"href":"https:\/\/agora.xtec.cat\/ceipmdangels\/wp-json\/wp\/v2\/categories?post=1659"},{"taxonomy":"post_tag","embeddable":true,"href":"https:\/\/agora.xtec.cat\/ceipmdangels\/wp-json\/wp\/v2\/tags?post=1659"}],"curies":[{"name":"wp","href":"https:\/\/api.w.org\/{rel}","templated":true}]}}