{"id":1637,"date":"2017-12-20T18:13:47","date_gmt":"2017-12-20T17:13:47","guid":{"rendered":"http:\/\/agora.xtec.cat\/ceipmdangels\/?p=1637"},"modified":"2022-04-21T16:20:57","modified_gmt":"2022-04-21T14:20:57","slug":"tac12-nadales-2017-4-cordes","status":"publish","type":"post","link":"https:\/\/agora.xtec.cat\/ceipmdangels\/general\/tac12-nadales-2017-4-cordes\/","title":{"rendered":"Tac12 Nadales 2017 &#8211; 4 Cordes"},"content":{"rendered":"<p>El 4 Cordes ja est\u00e0 a la televisi\u00f3!!<br \/>\nEls alumnes de 3r del 4 cordes han participat en l&#8217;habitual gravaci\u00f3 de nadales que la cadena\u00a0<span class=\"hiddenSpellError\">Tac12<\/span>\u00a0realitza cada desembre. Els petits m\u00fasics van gaudir molt del moment m\u00e0gic de la gravaci\u00f3 i del fet d&#8217;haver-hi participat davant d&#8217;unes c\u00e0meres.<\/p>\n<p>Trobareu m\u00e9s nadales a la web http:\/\/www.tac12.tv\/nadales-2017.<\/p>\n<p>Aqu\u00ed van les nostres, felicitats a tots!!<\/p>\n<p>&#8220;<span style=\"text-decoration: underline;\"><strong>OBERTURA NADALENCA<\/strong><\/span>&#8221; &#8211;\u00a0Els \u00c0ngels 3rA i Sant Salvador 3rB<\/p>\n<p><iframe loading=\"lazy\" title=\"Nadales a TAC 12: Escola Els \u00c0ngels i Escola Sant Salvador - Obertura Nadalenca\" width=\"500\" height=\"281\" src=\"https:\/\/www.youtube.com\/embed\/TFly4ecXnno?feature=oembed\" frameborder=\"0\" allow=\"accelerometer; autoplay; clipboard-write; encrypted-media; gyroscope; picture-in-picture; web-share\" referrerpolicy=\"strict-origin-when-cross-origin\" allowfullscreen><\/iframe><\/p>\n<p>&#8220;<span style=\"text-decoration: underline;\"><strong>SOM ELS 4 CORDES<\/strong><\/span>&#8221; &#8211;\u00a0Els \u00c0ngels 3rB i Sant Salvador 3rA<\/p>\n<p><iframe loading=\"lazy\" title=\"Nadales a TAC 12: Escola Els \u00c0ngels i Escola Sant Salvador - Som els 4 cordes\" width=\"500\" height=\"281\" src=\"https:\/\/www.youtube.com\/embed\/l_7CruV38IE?feature=oembed\" frameborder=\"0\" allow=\"accelerometer; autoplay; clipboard-write; encrypted-media; gyroscope; picture-in-picture; web-share\" referrerpolicy=\"strict-origin-when-cross-origin\" allowfullscreen><\/iframe><\/p>\n<p>&#8220;<span style=\"text-decoration: underline;\"><strong>NINOT DE NEU<\/strong><\/span>&#8221; &#8211;\u00a0Els \u00c0ngels 3rC i Sant Salvador 3rC<\/p>\n<p><iframe loading=\"lazy\" title=\"Nadales a TAC 12: Escola Els \u00c0ngels i Escola Sant Salvador - Ninot de neu\" width=\"500\" height=\"281\" src=\"https:\/\/www.youtube.com\/embed\/GtOs0i-sMTQ?feature=oembed\" frameborder=\"0\" allow=\"accelerometer; autoplay; clipboard-write; encrypted-media; gyroscope; picture-in-picture; web-share\" referrerpolicy=\"strict-origin-when-cross-origin\" allowfullscreen><\/iframe><\/p>\n","protected":false},"excerpt":{"rendered":"<p>El 4 Cordes ja est\u00e0 a la televisi\u00f3!!<br \/>\nEls alumnes de 3r del 4 cordes han participat en l&#8217;habitual gravaci\u00f3 de nadales que la cadena\u00a0Tac12\u00a0realitza cada desembre. Els petits m\u00fasics van gaudir molt del moment m\u00e0gic de la gravaci\u00f3 i del fet d&#8217;haver-hi participat davant d&#8217;unes&hellip;  <a href=\"https:\/\/agora.xtec.cat\/ceipmdangels\/general\/tac12-nadales-2017-4-cordes\/\" title=\"Read Tac12 Nadales 2017 &#8211; 4 Cordes\">Llegeix m\u00e9s\u00bb<\/a><\/p>\n","protected":false},"author":5,"featured_media":1638,"comment_status":"closed","ping_status":"closed","sticky":false,"template":"","format":"standard","meta":{"_bbp_topic_count":0,"_bbp_reply_count":0,"_bbp_total_topic_count":0,"_bbp_total_reply_count":0,"_bbp_voice_count":0,"_bbp_anonymous_reply_count":0,"_bbp_topic_count_hidden":0,"_bbp_reply_count_hidden":0,"_bbp_forum_subforum_count":0,"footnotes":""},"categories":[24,154,1,41,4],"tags":[],"class_list":["post-1637","post","type-post","status-publish","format-standard","has-post-thumbnail","hentry","category-cicle-mitja","category-curs-2017-18","category-general","category-nadal","category-portada"],"post_mailing_queue_ids":[],"_links":{"self":[{"href":"https:\/\/agora.xtec.cat\/ceipmdangels\/wp-json\/wp\/v2\/posts\/1637","targetHints":{"allow":["GET"]}}],"collection":[{"href":"https:\/\/agora.xtec.cat\/ceipmdangels\/wp-json\/wp\/v2\/posts"}],"about":[{"href":"https:\/\/agora.xtec.cat\/ceipmdangels\/wp-json\/wp\/v2\/types\/post"}],"author":[{"embeddable":true,"href":"https:\/\/agora.xtec.cat\/ceipmdangels\/wp-json\/wp\/v2\/users\/5"}],"replies":[{"embeddable":true,"href":"https:\/\/agora.xtec.cat\/ceipmdangels\/wp-json\/wp\/v2\/comments?post=1637"}],"version-history":[{"count":1,"href":"https:\/\/agora.xtec.cat\/ceipmdangels\/wp-json\/wp\/v2\/posts\/1637\/revisions"}],"predecessor-version":[{"id":1639,"href":"https:\/\/agora.xtec.cat\/ceipmdangels\/wp-json\/wp\/v2\/posts\/1637\/revisions\/1639"}],"wp:featuredmedia":[{"embeddable":true,"href":"https:\/\/agora.xtec.cat\/ceipmdangels\/wp-json\/wp\/v2\/media\/1638"}],"wp:attachment":[{"href":"https:\/\/agora.xtec.cat\/ceipmdangels\/wp-json\/wp\/v2\/media?parent=1637"}],"wp:term":[{"taxonomy":"category","embeddable":true,"href":"https:\/\/agora.xtec.cat\/ceipmdangels\/wp-json\/wp\/v2\/categories?post=1637"},{"taxonomy":"post_tag","embeddable":true,"href":"https:\/\/agora.xtec.cat\/ceipmdangels\/wp-json\/wp\/v2\/tags?post=1637"}],"curies":[{"name":"wp","href":"https:\/\/api.w.org\/{rel}","templated":true}]}}