{"id":1591,"date":"2017-11-08T13:12:12","date_gmt":"2017-11-08T12:12:12","guid":{"rendered":"http:\/\/agora.xtec.cat\/ceipmdangels\/?p=1591"},"modified":"2022-04-21T16:20:13","modified_gmt":"2022-04-21T14:20:13","slug":"la-castanyera-del-4cordes","status":"publish","type":"post","link":"https:\/\/agora.xtec.cat\/ceipmdangels\/general\/la-castanyera-del-4cordes\/","title":{"rendered":"La castanyera del 4Cordes"},"content":{"rendered":"<p>I que millor que celebrar aquesta festa tan m\u00e0gica que amb els instruments del 4Cordes. Violins, violoncels, castanyeres, m\u00fasica, tardor,&#8230;.\u00a0 i els nostres petits m\u00fasics que s&#8217;esforcen cada dilluns per aprendre m\u00e9s i m\u00e9s.<\/p>\n<p>Felicitats a tots, aix\u00f2 sona genial.<\/p>\n<p><a href=\"https:\/\/youtu.be\/WwHbif3kzb8\">https:\/\/youtu.be\/WwHbif3kzb8<\/a><\/p>\n<p><a href=\"https:\/\/youtu.be\/04ax-7xjHaY\">https:\/\/youtu.be\/04ax-7xjHaY<\/a><\/p>\n<p><a href=\"https:\/\/youtu.be\/KO_vOX-2dwQ\">https:\/\/youtu.be\/KO_vOX-2dwQ<\/a><\/p>\n","protected":false},"excerpt":{"rendered":"<p>I que millor que celebrar aquesta festa tan m\u00e0gica que amb els instruments del 4Cordes. Violins, violoncels, castanyeres, m\u00fasica, tardor,&#8230;.\u00a0 i els nostres petits m\u00fasics que s&#8217;esforcen cada dilluns per aprendre m\u00e9s i m\u00e9s.<br \/>\nFelicitats a tots, aix\u00f2 sona genial.<br \/>\n<a href=\"https:\/\/youtu.be\/WwHbif3kzb8\">https:\/\/youtu.be\/WwHbif3kzb8<\/a><br \/>\n<a href=\"https:\/\/youtu.be\/04ax-7xjHaY\">https:\/\/youtu.be\/04ax-7xjHaY<\/a><br \/>\n<a href=\"https:\/\/youtu.be\/KO_vOX-2dwQ\">https:\/\/youtu.be\/KO_vOX-2dwQ<\/a><\/p>\n","protected":false},"author":5,"featured_media":1594,"comment_status":"closed","ping_status":"closed","sticky":false,"template":"","format":"standard","meta":{"_bbp_topic_count":0,"_bbp_reply_count":0,"_bbp_total_topic_count":0,"_bbp_total_reply_count":0,"_bbp_voice_count":0,"_bbp_anonymous_reply_count":0,"_bbp_topic_count_hidden":0,"_bbp_reply_count_hidden":0,"_bbp_forum_subforum_count":0,"footnotes":""},"categories":[21,24,154,1,4],"tags":[],"class_list":["post-1591","post","type-post","status-publish","format-standard","has-post-thumbnail","hentry","category-activitats-comunes","category-cicle-mitja","category-curs-2017-18","category-general","category-portada"],"post_mailing_queue_ids":[],"_links":{"self":[{"href":"https:\/\/agora.xtec.cat\/ceipmdangels\/wp-json\/wp\/v2\/posts\/1591","targetHints":{"allow":["GET"]}}],"collection":[{"href":"https:\/\/agora.xtec.cat\/ceipmdangels\/wp-json\/wp\/v2\/posts"}],"about":[{"href":"https:\/\/agora.xtec.cat\/ceipmdangels\/wp-json\/wp\/v2\/types\/post"}],"author":[{"embeddable":true,"href":"https:\/\/agora.xtec.cat\/ceipmdangels\/wp-json\/wp\/v2\/users\/5"}],"replies":[{"embeddable":true,"href":"https:\/\/agora.xtec.cat\/ceipmdangels\/wp-json\/wp\/v2\/comments?post=1591"}],"version-history":[{"count":2,"href":"https:\/\/agora.xtec.cat\/ceipmdangels\/wp-json\/wp\/v2\/posts\/1591\/revisions"}],"predecessor-version":[{"id":1593,"href":"https:\/\/agora.xtec.cat\/ceipmdangels\/wp-json\/wp\/v2\/posts\/1591\/revisions\/1593"}],"wp:featuredmedia":[{"embeddable":true,"href":"https:\/\/agora.xtec.cat\/ceipmdangels\/wp-json\/wp\/v2\/media\/1594"}],"wp:attachment":[{"href":"https:\/\/agora.xtec.cat\/ceipmdangels\/wp-json\/wp\/v2\/media?parent=1591"}],"wp:term":[{"taxonomy":"category","embeddable":true,"href":"https:\/\/agora.xtec.cat\/ceipmdangels\/wp-json\/wp\/v2\/categories?post=1591"},{"taxonomy":"post_tag","embeddable":true,"href":"https:\/\/agora.xtec.cat\/ceipmdangels\/wp-json\/wp\/v2\/tags?post=1591"}],"curies":[{"name":"wp","href":"https:\/\/api.w.org\/{rel}","templated":true}]}}