{"id":1573,"date":"2017-10-30T13:09:12","date_gmt":"2017-10-30T12:09:12","guid":{"rendered":"http:\/\/agora.xtec.cat\/ceipmdangels\/?p=1573"},"modified":"2022-04-21T16:19:46","modified_gmt":"2022-04-21T14:19:46","slug":"volta-ciclista-junior","status":"publish","type":"post","link":"https:\/\/agora.xtec.cat\/ceipmdangels\/portada\/volta-ciclista-junior\/","title":{"rendered":"Volta Ciclista Junior"},"content":{"rendered":"<p>Els alumnes de 4t, durant el tercer trimestre del curs passat, van participar en un taller de ciclisme: La Volta Ciclista Junior.<\/p>\n<p>Aquesta iniciativa es va celebrar amb l&#8217;objectiu de transmetre als nens i nenes participants els valors que els aporta la pr\u00e0ctica del ciclisme, com la relaci\u00f3 entre ells, la conviv\u00e8ncia, el treball en equip, o h\u00e0bits de vida saludables, entre molts altres.<\/p>\n<p>Durant els dies que va durar la formaci\u00f3 van tenir la sort d\u2019estar acompanyats per David Llaurad\u00f3, ex-ciclista professional i al llarg de la formaci\u00f3 ens deia:<\/p>\n<p>\u201cEl nostre prop\u00f2sit \u00e9s aconseguir que els petits es diverteixin mentre adquireixen coneixements que els seran molt \u00fatils en la seva formaci\u00f3 personal. Aquesta activitat contribueix al fet que puguin aplicar a la vida real tot el que l&#8217;esport els ensenya\u201d.<\/p>\n<p>Despr\u00e9s d\u2019aquesta formaci\u00f3 va venir la recompensa! I cinc dels nostres alumnes i companys van participar en la cursa el dia de l\u2019arribada a Tarragona de la Volta ciclista a Espanya. Ells van representar a l\u2019Escola Els \u00c0ngels hi ho van fer genial! Gr\u00e0cies a Maria, N\u00faria, Adam, Pablo i especialment a Eloy que va ser el guanyador!! Molt\u00edssimes felicitats!<\/p>\n<p style=\"text-align: center;\"><strong>\u00a0 <a href=\"https:\/\/photos.app.goo.gl\/mPLyjY62la6qip603\">Feu clic a la foto per veure l\u2019\u00e0lbum sencer<\/a><\/strong><\/p>\n<p><a href=\"https:\/\/photos.app.goo.gl\/mPLyjY62la6qip603\"><img loading=\"lazy\" decoding=\"async\" class=\"size-medium wp-image-1574 aligncenter\" src=\"http:\/\/agora.xtec.cat\/ceipmdangels\/wp-content\/uploads\/usu320\/2017\/10\/0-300x201.jpg\" alt=\"\" width=\"300\" height=\"201\" srcset=\"https:\/\/agora.xtec.cat\/ceipmdangels\/wp-content\/uploads\/usu320\/2017\/10\/0-300x201.jpg 300w, https:\/\/agora.xtec.cat\/ceipmdangels\/wp-content\/uploads\/usu320\/2017\/10\/0-768x513.jpg 768w, https:\/\/agora.xtec.cat\/ceipmdangels\/wp-content\/uploads\/usu320\/2017\/10\/0-1024x685.jpg 1024w, https:\/\/agora.xtec.cat\/ceipmdangels\/wp-content\/uploads\/usu320\/2017\/10\/0.jpg 1376w\" sizes=\"auto, (max-width: 300px) 100vw, 300px\" \/><\/a><\/p>\n","protected":false},"excerpt":{"rendered":"<p>Els alumnes de 4t, durant el tercer trimestre del curs passat, van participar en un taller de ciclisme: La Volta Ciclista Junior.<br \/>\nAquesta iniciativa es va celebrar amb l&#8217;objectiu de transmetre als nens i nenes participants els valors que els aporta la pr\u00e0ctica del ciclisme, com&hellip;  <a href=\"https:\/\/agora.xtec.cat\/ceipmdangels\/portada\/volta-ciclista-junior\/\" title=\"Read Volta Ciclista Junior\">Llegeix m\u00e9s\u00bb<\/a><\/p>\n","protected":false},"author":5,"featured_media":1574,"comment_status":"closed","ping_status":"closed","sticky":false,"template":"","format":"standard","meta":{"_bbp_topic_count":0,"_bbp_reply_count":0,"_bbp_total_topic_count":0,"_bbp_total_reply_count":0,"_bbp_voice_count":0,"_bbp_anonymous_reply_count":0,"_bbp_topic_count_hidden":0,"_bbp_reply_count_hidden":0,"_bbp_forum_subforum_count":0,"footnotes":""},"categories":[24,154,4],"tags":[],"class_list":["post-1573","post","type-post","status-publish","format-standard","has-post-thumbnail","hentry","category-cicle-mitja","category-curs-2017-18","category-portada"],"post_mailing_queue_ids":[],"_links":{"self":[{"href":"https:\/\/agora.xtec.cat\/ceipmdangels\/wp-json\/wp\/v2\/posts\/1573","targetHints":{"allow":["GET"]}}],"collection":[{"href":"https:\/\/agora.xtec.cat\/ceipmdangels\/wp-json\/wp\/v2\/posts"}],"about":[{"href":"https:\/\/agora.xtec.cat\/ceipmdangels\/wp-json\/wp\/v2\/types\/post"}],"author":[{"embeddable":true,"href":"https:\/\/agora.xtec.cat\/ceipmdangels\/wp-json\/wp\/v2\/users\/5"}],"replies":[{"embeddable":true,"href":"https:\/\/agora.xtec.cat\/ceipmdangels\/wp-json\/wp\/v2\/comments?post=1573"}],"version-history":[{"count":3,"href":"https:\/\/agora.xtec.cat\/ceipmdangels\/wp-json\/wp\/v2\/posts\/1573\/revisions"}],"predecessor-version":[{"id":1577,"href":"https:\/\/agora.xtec.cat\/ceipmdangels\/wp-json\/wp\/v2\/posts\/1573\/revisions\/1577"}],"wp:featuredmedia":[{"embeddable":true,"href":"https:\/\/agora.xtec.cat\/ceipmdangels\/wp-json\/wp\/v2\/media\/1574"}],"wp:attachment":[{"href":"https:\/\/agora.xtec.cat\/ceipmdangels\/wp-json\/wp\/v2\/media?parent=1573"}],"wp:term":[{"taxonomy":"category","embeddable":true,"href":"https:\/\/agora.xtec.cat\/ceipmdangels\/wp-json\/wp\/v2\/categories?post=1573"},{"taxonomy":"post_tag","embeddable":true,"href":"https:\/\/agora.xtec.cat\/ceipmdangels\/wp-json\/wp\/v2\/tags?post=1573"}],"curies":[{"name":"wp","href":"https:\/\/api.w.org\/{rel}","templated":true}]}}