{"id":1565,"date":"2017-10-17T09:35:10","date_gmt":"2017-10-17T07:35:10","guid":{"rendered":"http:\/\/agora.xtec.cat\/ceipmdangels\/?p=1565"},"modified":"2022-04-21T16:19:35","modified_gmt":"2022-04-21T14:19:35","slug":"participem-al-code-week-2017","status":"publish","type":"post","link":"https:\/\/agora.xtec.cat\/ceipmdangels\/general\/participem-al-code-week-2017\/","title":{"rendered":"Participem al Code Week 2017"},"content":{"rendered":"<p><img loading=\"lazy\" decoding=\"async\" class=\"aligncenter \" src=\"http:\/\/xtec.gencat.cat\/web\/.content\/centres\/celebracions\/2017\/codeweek\/code-week-2015.png_2147148254.png\" width=\"148\" height=\"148\" \/><\/p>\n<p>La <strong>Setmana CodeWeek<\/strong>, promoguda per la Uni\u00f3 Europea, pret\u00e9n apropar la programaci\u00f3 i l&#8217;alfabetitzaci\u00f3 digital a tothom d&#8217;una manera divertida i atractiva. L\u2019objectiu \u00e9s fomentar la programaci\u00f3 als diferents pa\u00efsos de la Uni\u00f3 Europea com a activitat que afavoreix la resoluci\u00f3 de problemes, la creativitat i el pensament estructurat.<\/p>\n<p>Es celebra <strong>del 7 al 22 d&#8217;octubre de 2017<\/strong>.<\/p>\n<p>Web: <a href=\"http:\/\/codeweek.eu\/\" target=\"_blank\" rel=\"noopener noreferrer\">Europe Code Week 2017<\/a><\/p>\n<p>Els alumnes de cicle superior de prim\u00e0ria estem realitzant activitats b\u00e0siques de programaci\u00f3 en blocs a partir dels continguts de <a href=\"https:\/\/code.org\/\" target=\"_blank\" rel=\"noopener noreferrer\">code.org<\/a> i <a href=\"http:\/\/lightbot.com\/\" target=\"_blank\" rel=\"noopener noreferrer\">lightbot.com<\/a><\/p>\n<p>Trobareu m\u00e9s informaci\u00f3 <a href=\"http:\/\/events.codeweek.eu\/view\/153098\/programem-pel-futur\/\" target=\"_blank\" rel=\"noopener noreferrer\">aqu\u00ed <\/a><\/p>\n","protected":false},"excerpt":{"rendered":"<p>La Setmana CodeWeek, promoguda per la Uni\u00f3 Europea, pret\u00e9n apropar la programaci\u00f3 i l&#8217;alfabetitzaci\u00f3 digital a tothom d&#8217;una manera divertida i atractiva. L\u2019objectiu \u00e9s fomentar la programaci\u00f3 als diferents pa\u00efsos de la Uni\u00f3 Europea com a activitat que afavoreix la resoluci\u00f3 de problemes, la creativitat&hellip;  <a href=\"https:\/\/agora.xtec.cat\/ceipmdangels\/general\/participem-al-code-week-2017\/\" title=\"Read Participem al Code Week 2017\">Llegeix m\u00e9s\u00bb<\/a><\/p>\n","protected":false},"author":1,"featured_media":1566,"comment_status":"closed","ping_status":"closed","sticky":false,"template":"","format":"standard","meta":{"_bbp_topic_count":0,"_bbp_reply_count":0,"_bbp_total_topic_count":0,"_bbp_total_reply_count":0,"_bbp_voice_count":0,"_bbp_anonymous_reply_count":0,"_bbp_topic_count_hidden":0,"_bbp_reply_count_hidden":0,"_bbp_forum_subforum_count":0,"footnotes":""},"categories":[25,154,1,4],"tags":[],"class_list":["post-1565","post","type-post","status-publish","format-standard","has-post-thumbnail","hentry","category-cicle-superior","category-curs-2017-18","category-general","category-portada"],"post_mailing_queue_ids":[],"_links":{"self":[{"href":"https:\/\/agora.xtec.cat\/ceipmdangels\/wp-json\/wp\/v2\/posts\/1565","targetHints":{"allow":["GET"]}}],"collection":[{"href":"https:\/\/agora.xtec.cat\/ceipmdangels\/wp-json\/wp\/v2\/posts"}],"about":[{"href":"https:\/\/agora.xtec.cat\/ceipmdangels\/wp-json\/wp\/v2\/types\/post"}],"author":[{"embeddable":true,"href":"https:\/\/agora.xtec.cat\/ceipmdangels\/wp-json\/wp\/v2\/users\/1"}],"replies":[{"embeddable":true,"href":"https:\/\/agora.xtec.cat\/ceipmdangels\/wp-json\/wp\/v2\/comments?post=1565"}],"version-history":[{"count":1,"href":"https:\/\/agora.xtec.cat\/ceipmdangels\/wp-json\/wp\/v2\/posts\/1565\/revisions"}],"predecessor-version":[{"id":1567,"href":"https:\/\/agora.xtec.cat\/ceipmdangels\/wp-json\/wp\/v2\/posts\/1565\/revisions\/1567"}],"wp:featuredmedia":[{"embeddable":true,"href":"https:\/\/agora.xtec.cat\/ceipmdangels\/wp-json\/wp\/v2\/media\/1566"}],"wp:attachment":[{"href":"https:\/\/agora.xtec.cat\/ceipmdangels\/wp-json\/wp\/v2\/media?parent=1565"}],"wp:term":[{"taxonomy":"category","embeddable":true,"href":"https:\/\/agora.xtec.cat\/ceipmdangels\/wp-json\/wp\/v2\/categories?post=1565"},{"taxonomy":"post_tag","embeddable":true,"href":"https:\/\/agora.xtec.cat\/ceipmdangels\/wp-json\/wp\/v2\/tags?post=1565"}],"curies":[{"name":"wp","href":"https:\/\/api.w.org\/{rel}","templated":true}]}}