{"id":1558,"date":"2017-10-09T21:35:19","date_gmt":"2017-10-09T19:35:19","guid":{"rendered":"http:\/\/agora.xtec.cat\/ceipmdangels\/?p=1558"},"modified":"2022-04-21T16:19:31","modified_gmt":"2022-04-21T14:19:31","slug":"4-cordes-inici-de-curs","status":"publish","type":"post","link":"https:\/\/agora.xtec.cat\/ceipmdangels\/general\/4-cordes-inici-de-curs\/","title":{"rendered":"4 Cordes &#8211; Inici de curs"},"content":{"rendered":"<p>S\u00ed, el 4 cordes ja \u00e9s aqu\u00ed i els nostres alumnes de 3r estan m\u00e9s que contents.<br \/>\nQu\u00e8 \u00e9s 4 cordes? Doncs un fant\u00e0stic projecte musical portat a l&#8217;escola i gestionat per la cooperativa Musicop.<\/p>\n<p>A trav\u00e9s d&#8217;una petita formaci\u00f3 de violins i violoncels s&#8217;aconsegueix una perspectiva tant educativa com emocional que convida als alumnes a aprendre a ser, a fer, a viure i a conviure.<br \/>\nUn entorn de treball a l&#8217;aula on les fortaleses i l&#8217;educaci\u00f3 emocional acompanyen als petits m\u00fasics en el seu propi creixement.<\/p>\n<p>\u00c9s a dir; una meravella de projecte.<\/p>\n<p>Aquests dies\u00a0ens hem presentat entre companys\u00a0i\u00a0instruments i ja hem\u00a0apr\u00e8s\u00a0moltes coses.<\/p>\n<p><a href=\"https:\/\/photos.app.goo.gl\/gzW2xPgC9NxTRILD2\"><strong>Feu clic a la foto per veure l&#8217;\u00e0lbum sencer<\/strong><\/a><\/p>\n<p><a href=\"https:\/\/photos.app.goo.gl\/gzW2xPgC9NxTRILD2\"><img loading=\"lazy\" decoding=\"async\" class=\"size-medium wp-image-1559 alignnone\" src=\"http:\/\/agora.xtec.cat\/ceipmdangels\/wp-content\/uploads\/usu320\/2017\/10\/IMG_20171002_104015-169x300.jpg\" alt=\"\" width=\"169\" height=\"300\" srcset=\"https:\/\/agora.xtec.cat\/ceipmdangels\/wp-content\/uploads\/usu320\/2017\/10\/IMG_20171002_104015-169x300.jpg 169w, https:\/\/agora.xtec.cat\/ceipmdangels\/wp-content\/uploads\/usu320\/2017\/10\/IMG_20171002_104015-768x1365.jpg 768w, https:\/\/agora.xtec.cat\/ceipmdangels\/wp-content\/uploads\/usu320\/2017\/10\/IMG_20171002_104015-576x1024.jpg 576w, https:\/\/agora.xtec.cat\/ceipmdangels\/wp-content\/uploads\/usu320\/2017\/10\/IMG_20171002_104015.jpg 900w\" sizes=\"auto, (max-width: 169px) 100vw, 169px\" \/><\/a><\/p>\n","protected":false},"excerpt":{"rendered":"<p>S\u00ed, el 4 cordes ja \u00e9s aqu\u00ed i els nostres alumnes de 3r estan m\u00e9s que contents.<br \/>\nQu\u00e8 \u00e9s 4 cordes? Doncs un fant\u00e0stic projecte musical portat a l&#8217;escola i gestionat per la cooperativa Musicop.<br \/>\nA trav\u00e9s d&#8217;una petita formaci\u00f3 de violins i violoncels s&#8217;aconsegueix una perspectiva&hellip;  <a href=\"https:\/\/agora.xtec.cat\/ceipmdangels\/general\/4-cordes-inici-de-curs\/\" title=\"Read 4 Cordes &#8211; Inici de curs\">Llegeix m\u00e9s\u00bb<\/a><\/p>\n","protected":false},"author":5,"featured_media":1559,"comment_status":"closed","ping_status":"closed","sticky":false,"template":"","format":"standard","meta":{"_bbp_topic_count":0,"_bbp_reply_count":0,"_bbp_total_topic_count":0,"_bbp_total_reply_count":0,"_bbp_voice_count":0,"_bbp_anonymous_reply_count":0,"_bbp_topic_count_hidden":0,"_bbp_reply_count_hidden":0,"_bbp_forum_subforum_count":0,"footnotes":""},"categories":[24,154,1,4],"tags":[],"class_list":["post-1558","post","type-post","status-publish","format-standard","has-post-thumbnail","hentry","category-cicle-mitja","category-curs-2017-18","category-general","category-portada"],"post_mailing_queue_ids":[],"_links":{"self":[{"href":"https:\/\/agora.xtec.cat\/ceipmdangels\/wp-json\/wp\/v2\/posts\/1558","targetHints":{"allow":["GET"]}}],"collection":[{"href":"https:\/\/agora.xtec.cat\/ceipmdangels\/wp-json\/wp\/v2\/posts"}],"about":[{"href":"https:\/\/agora.xtec.cat\/ceipmdangels\/wp-json\/wp\/v2\/types\/post"}],"author":[{"embeddable":true,"href":"https:\/\/agora.xtec.cat\/ceipmdangels\/wp-json\/wp\/v2\/users\/5"}],"replies":[{"embeddable":true,"href":"https:\/\/agora.xtec.cat\/ceipmdangels\/wp-json\/wp\/v2\/comments?post=1558"}],"version-history":[{"count":3,"href":"https:\/\/agora.xtec.cat\/ceipmdangels\/wp-json\/wp\/v2\/posts\/1558\/revisions"}],"predecessor-version":[{"id":1564,"href":"https:\/\/agora.xtec.cat\/ceipmdangels\/wp-json\/wp\/v2\/posts\/1558\/revisions\/1564"}],"wp:featuredmedia":[{"embeddable":true,"href":"https:\/\/agora.xtec.cat\/ceipmdangels\/wp-json\/wp\/v2\/media\/1559"}],"wp:attachment":[{"href":"https:\/\/agora.xtec.cat\/ceipmdangels\/wp-json\/wp\/v2\/media?parent=1558"}],"wp:term":[{"taxonomy":"category","embeddable":true,"href":"https:\/\/agora.xtec.cat\/ceipmdangels\/wp-json\/wp\/v2\/categories?post=1558"},{"taxonomy":"post_tag","embeddable":true,"href":"https:\/\/agora.xtec.cat\/ceipmdangels\/wp-json\/wp\/v2\/tags?post=1558"}],"curies":[{"name":"wp","href":"https:\/\/api.w.org\/{rel}","templated":true}]}}