{"id":1522,"date":"2017-05-26T13:15:10","date_gmt":"2017-05-26T11:15:10","guid":{"rendered":"http:\/\/agora.xtec.cat\/ceipmdangels\/?p=1522"},"modified":"2022-04-21T16:18:27","modified_gmt":"2022-04-21T14:18:27","slug":"descobrim-catalunya-5e","status":"publish","type":"post","link":"https:\/\/agora.xtec.cat\/ceipmdangels\/general\/descobrim-catalunya-5e\/","title":{"rendered":"Descobrim Catalunya 5\u00e8"},"content":{"rendered":"<p>Aquest curs els alumnes de 5\u00e8 hem fet el projecte de \u201cDescobrim Catalunya\u201d. Ha estat un projecte fant\u00e0stic perqu\u00e8 hem descobert monuments i accidents geogr\u00e0fics de la nostra terra. Hem fet un estudi profund sobre el lloc on estava situat, quan es va fundar,\u00a0 la seva hist\u00f2ria i quin\u00a0 \u00e9s el seu estat actual. Esperem que us agradin les maquetes.<\/p>\n<p style=\"text-align: center;\"><a href=\"https:\/\/goo.gl\/photos\/mfwuPysejGih1C92A\">Feu clic a la foto per veure l&#8217;\u00e0lbum sencer<\/a><\/p>\n<p><a href=\"https:\/\/goo.gl\/photos\/mfwuPysejGih1C92A\"><img loading=\"lazy\" decoding=\"async\" class=\"alignnone size-large wp-image-1523\" src=\"http:\/\/agora.xtec.cat\/ceipmdangels\/wp-content\/uploads\/usu320\/2017\/05\/projecte-5\u00e8-1024x577.jpg\" alt=\"projecte 5\u00e8\" width=\"1024\" height=\"577\" srcset=\"https:\/\/agora.xtec.cat\/ceipmdangels\/wp-content\/uploads\/usu320\/2017\/05\/projecte-5\u00e8-1024x577.jpg 1024w, https:\/\/agora.xtec.cat\/ceipmdangels\/wp-content\/uploads\/usu320\/2017\/05\/projecte-5\u00e8-300x169.jpg 300w, https:\/\/agora.xtec.cat\/ceipmdangels\/wp-content\/uploads\/usu320\/2017\/05\/projecte-5\u00e8-768x432.jpg 768w, https:\/\/agora.xtec.cat\/ceipmdangels\/wp-content\/uploads\/usu320\/2017\/05\/projecte-5\u00e8.jpg 1151w\" sizes=\"auto, (max-width: 1024px) 100vw, 1024px\" \/><\/a><\/p>\n<p>&nbsp;<\/p>\n<p>&nbsp;<\/p>\n","protected":false},"excerpt":{"rendered":"<p>Aquest curs els alumnes de 5\u00e8 hem fet el projecte de \u201cDescobrim Catalunya\u201d. Ha estat un projecte fant\u00e0stic perqu\u00e8 hem descobert monuments i accidents geogr\u00e0fics de la nostra terra. Hem fet un estudi profund sobre el lloc on estava situat, quan es va fundar,\u00a0 la&hellip;  <a href=\"https:\/\/agora.xtec.cat\/ceipmdangels\/general\/descobrim-catalunya-5e\/\" title=\"Read Descobrim Catalunya 5\u00e8\">Llegeix m\u00e9s\u00bb<\/a><\/p>\n","protected":false},"author":6,"featured_media":1523,"comment_status":"closed","ping_status":"closed","sticky":false,"template":"","format":"standard","meta":{"_bbp_topic_count":0,"_bbp_reply_count":0,"_bbp_total_topic_count":0,"_bbp_total_reply_count":0,"_bbp_voice_count":0,"_bbp_anonymous_reply_count":0,"_bbp_topic_count_hidden":0,"_bbp_reply_count_hidden":0,"_bbp_forum_subforum_count":0,"footnotes":""},"categories":[25,153,1,4],"tags":[],"class_list":["post-1522","post","type-post","status-publish","format-standard","has-post-thumbnail","hentry","category-cicle-superior","category-curs-2016-17","category-general","category-portada"],"post_mailing_queue_ids":[],"_links":{"self":[{"href":"https:\/\/agora.xtec.cat\/ceipmdangels\/wp-json\/wp\/v2\/posts\/1522","targetHints":{"allow":["GET"]}}],"collection":[{"href":"https:\/\/agora.xtec.cat\/ceipmdangels\/wp-json\/wp\/v2\/posts"}],"about":[{"href":"https:\/\/agora.xtec.cat\/ceipmdangels\/wp-json\/wp\/v2\/types\/post"}],"author":[{"embeddable":true,"href":"https:\/\/agora.xtec.cat\/ceipmdangels\/wp-json\/wp\/v2\/users\/6"}],"replies":[{"embeddable":true,"href":"https:\/\/agora.xtec.cat\/ceipmdangels\/wp-json\/wp\/v2\/comments?post=1522"}],"version-history":[{"count":2,"href":"https:\/\/agora.xtec.cat\/ceipmdangels\/wp-json\/wp\/v2\/posts\/1522\/revisions"}],"predecessor-version":[{"id":1525,"href":"https:\/\/agora.xtec.cat\/ceipmdangels\/wp-json\/wp\/v2\/posts\/1522\/revisions\/1525"}],"wp:featuredmedia":[{"embeddable":true,"href":"https:\/\/agora.xtec.cat\/ceipmdangels\/wp-json\/wp\/v2\/media\/1523"}],"wp:attachment":[{"href":"https:\/\/agora.xtec.cat\/ceipmdangels\/wp-json\/wp\/v2\/media?parent=1522"}],"wp:term":[{"taxonomy":"category","embeddable":true,"href":"https:\/\/agora.xtec.cat\/ceipmdangels\/wp-json\/wp\/v2\/categories?post=1522"},{"taxonomy":"post_tag","embeddable":true,"href":"https:\/\/agora.xtec.cat\/ceipmdangels\/wp-json\/wp\/v2\/tags?post=1522"}],"curies":[{"name":"wp","href":"https:\/\/api.w.org\/{rel}","templated":true}]}}