{"id":1489,"date":"2017-04-21T13:03:04","date_gmt":"2017-04-21T11:03:04","guid":{"rendered":"http:\/\/agora.xtec.cat\/ceipmdangels\/?p=1489"},"modified":"2022-04-21T16:17:13","modified_gmt":"2022-04-21T14:17:13","slug":"els-alumnes-de-segon-al-parc-sama","status":"publish","type":"post","link":"https:\/\/agora.xtec.cat\/ceipmdangels\/general\/els-alumnes-de-segon-al-parc-sama\/","title":{"rendered":"Els alumnes de segon al Parc Sam\u00e0"},"content":{"rendered":"<p align=\"JUSTIFY\"><span style=\"font-size: medium;\">Tot i els n\u00favols i la fresca, hem pogut gaudir d\u2019una jornada fant\u00e0stica immersos en la naturalesa del Parc Sam\u00e0. Arbres gegantins, immensos i preciosos que ens han guiat per camins sinuosos on f\u00e8iem d\u2019aut\u00e8ntics exploradors a la cerca de sorprenents i noves pistes.<\/span><\/p>\n<p align=\"JUSTIFY\"><span style=\"font-size: medium;\">Els extraordinaris animals tamb\u00e9 ens han acompanyat en el trajecte: paons amb les belles i acolorides cues en al\u00e7a, carpes grosses com mai imaginades, tortugues i \u00e0necs en plena harmonia&#8230;Fins i tot daines ben a la vora!!! Cada instant un regal. <\/span><\/p>\n<p align=\"JUSTIFY\"><span style=\"font-size: medium;\">Hem apr\u00e8s a donar menjar als ocells amb pinyes untades de sag\u00ed, el cant d\u2019una gran varietat d\u2019ells, a fer conjurs m\u00e0gics, per\u00f2 sobretot a estimar i tenir cura de la tan preuada natura. Aix\u00f2 s\u00ed! Hem arribat rendits, per\u00f2 satisfet. <\/span><\/p>\n<p style=\"text-align: center;\"><a href=\"https:\/\/goo.gl\/photos\/1vBbsRcEffLTrVxD6\"><strong><span style=\"color: #000000;\">FEU CLIC A AQU\u00cd PER VEURE L\u2019\u00c0LBUM DE FOTOS<\/span><\/strong><\/a><\/p>\n<p><a href=\"https:\/\/goo.gl\/photos\/1vBbsRcEffLTrVxD6\"><img loading=\"lazy\" decoding=\"async\" class=\"size-large wp-image-1493\" src=\"http:\/\/agora.xtec.cat\/ceipmdangels\/wp-content\/uploads\/usu320\/2017\/04\/IMG_20170419_131354-767x1024.jpg\" alt=\"dav\" width=\"767\" height=\"1024\" srcset=\"https:\/\/agora.xtec.cat\/ceipmdangels\/wp-content\/uploads\/usu320\/2017\/04\/IMG_20170419_131354-767x1024.jpg 767w, https:\/\/agora.xtec.cat\/ceipmdangels\/wp-content\/uploads\/usu320\/2017\/04\/IMG_20170419_131354-225x300.jpg 225w, https:\/\/agora.xtec.cat\/ceipmdangels\/wp-content\/uploads\/usu320\/2017\/04\/IMG_20170419_131354-768x1026.jpg 768w, https:\/\/agora.xtec.cat\/ceipmdangels\/wp-content\/uploads\/usu320\/2017\/04\/IMG_20170419_131354.jpg 778w\" sizes=\"auto, (max-width: 767px) 100vw, 767px\" \/><\/a><\/p>\n","protected":false},"excerpt":{"rendered":"<p>Tot i els n\u00favols i la fresca, hem pogut gaudir d\u2019una jornada fant\u00e0stica immersos en la naturalesa del Parc Sam\u00e0. Arbres gegantins, immensos i preciosos que ens han guiat per camins sinuosos on f\u00e8iem d\u2019aut\u00e8ntics exploradors a la cerca de sorprenents i noves pistes.<br \/>\nEls extraordinaris&hellip;  <a href=\"https:\/\/agora.xtec.cat\/ceipmdangels\/general\/els-alumnes-de-segon-al-parc-sama\/\" title=\"Read Els alumnes de segon al Parc Sam\u00e0\">Llegeix m\u00e9s\u00bb<\/a><\/p>\n","protected":false},"author":4,"featured_media":1493,"comment_status":"closed","ping_status":"open","sticky":false,"template":"","format":"standard","meta":{"_bbp_topic_count":0,"_bbp_reply_count":0,"_bbp_total_topic_count":0,"_bbp_total_reply_count":0,"_bbp_voice_count":0,"_bbp_anonymous_reply_count":0,"_bbp_topic_count_hidden":0,"_bbp_reply_count_hidden":0,"_bbp_forum_subforum_count":0,"footnotes":""},"categories":[23,153,1,4],"tags":[],"class_list":["post-1489","post","type-post","status-publish","format-standard","has-post-thumbnail","hentry","category-cicle-inicial","category-curs-2016-17","category-general","category-portada"],"post_mailing_queue_ids":[],"_links":{"self":[{"href":"https:\/\/agora.xtec.cat\/ceipmdangels\/wp-json\/wp\/v2\/posts\/1489","targetHints":{"allow":["GET"]}}],"collection":[{"href":"https:\/\/agora.xtec.cat\/ceipmdangels\/wp-json\/wp\/v2\/posts"}],"about":[{"href":"https:\/\/agora.xtec.cat\/ceipmdangels\/wp-json\/wp\/v2\/types\/post"}],"author":[{"embeddable":true,"href":"https:\/\/agora.xtec.cat\/ceipmdangels\/wp-json\/wp\/v2\/users\/4"}],"replies":[{"embeddable":true,"href":"https:\/\/agora.xtec.cat\/ceipmdangels\/wp-json\/wp\/v2\/comments?post=1489"}],"version-history":[{"count":3,"href":"https:\/\/agora.xtec.cat\/ceipmdangels\/wp-json\/wp\/v2\/posts\/1489\/revisions"}],"predecessor-version":[{"id":1495,"href":"https:\/\/agora.xtec.cat\/ceipmdangels\/wp-json\/wp\/v2\/posts\/1489\/revisions\/1495"}],"wp:featuredmedia":[{"embeddable":true,"href":"https:\/\/agora.xtec.cat\/ceipmdangels\/wp-json\/wp\/v2\/media\/1493"}],"wp:attachment":[{"href":"https:\/\/agora.xtec.cat\/ceipmdangels\/wp-json\/wp\/v2\/media?parent=1489"}],"wp:term":[{"taxonomy":"category","embeddable":true,"href":"https:\/\/agora.xtec.cat\/ceipmdangels\/wp-json\/wp\/v2\/categories?post=1489"},{"taxonomy":"post_tag","embeddable":true,"href":"https:\/\/agora.xtec.cat\/ceipmdangels\/wp-json\/wp\/v2\/tags?post=1489"}],"curies":[{"name":"wp","href":"https:\/\/api.w.org\/{rel}","templated":true}]}}