{"id":1432,"date":"2017-03-17T15:55:38","date_gmt":"2017-03-17T14:55:38","guid":{"rendered":"http:\/\/agora.xtec.cat\/ceipmdangels\/?p=1432"},"modified":"2022-04-21T16:16:22","modified_gmt":"2022-04-21T14:16:22","slug":"nadal-a-cicle-mitja-larbre-dels-desitjos","status":"publish","type":"post","link":"https:\/\/agora.xtec.cat\/ceipmdangels\/portada\/nadal-a-cicle-mitja-larbre-dels-desitjos\/","title":{"rendered":"Nadal a cicle mitj\u00e0: l&#8217;arbre dels desitjos"},"content":{"rendered":"<p>El passat desembre, els alumnes de cicle mitj\u00e0 vam escriure una s\u00e8rie de desitjos per tal que es complissin a llarg d\u2019aquest any 2017. La Lara va\u00a0 ser l\u2019 encarregada de portar el seu desig a l\u2019arbre de l\u2019Ajuntament per a penjar-lo. All\u00e0 va con\u00e8ixer d\u2019altres nens, va esmorzar coca amb xocolata i va poder con\u00e8ixer l\u2019alcalde.<\/p>\n<p style=\"text-align: center;\">FEU CLIC A LA FOTO PER VEURE L\u2019\u00c0LBUM SENCER<\/p>\n<p><a href=\"https:\/\/goo.gl\/photos\/oBGjnVq8Abgu87He8\"><img loading=\"lazy\" decoding=\"async\" class=\"alignnone size-large wp-image-1433\" src=\"http:\/\/agora.xtec.cat\/ceipmdangels\/wp-content\/uploads\/usu320\/2017\/03\/IMG_7521-768x1024.jpg\" alt=\"img_7521\" width=\"768\" height=\"1024\" srcset=\"https:\/\/agora.xtec.cat\/ceipmdangels\/wp-content\/uploads\/usu320\/2017\/03\/IMG_7521-768x1024.jpg 768w, https:\/\/agora.xtec.cat\/ceipmdangels\/wp-content\/uploads\/usu320\/2017\/03\/IMG_7521-225x300.jpg 225w, https:\/\/agora.xtec.cat\/ceipmdangels\/wp-content\/uploads\/usu320\/2017\/03\/IMG_7521.jpg 1200w\" sizes=\"auto, (max-width: 768px) 100vw, 768px\" \/><\/a><\/p>\n","protected":false},"excerpt":{"rendered":"<p>El passat desembre, els alumnes de cicle mitj\u00e0 vam escriure una s\u00e8rie de desitjos per tal que es complissin a llarg d\u2019aquest any 2017. La Lara va\u00a0 ser l\u2019 encarregada de portar el seu desig a l\u2019arbre de l\u2019Ajuntament per a penjar-lo. All\u00e0 va con\u00e8ixer&hellip;  <a href=\"https:\/\/agora.xtec.cat\/ceipmdangels\/portada\/nadal-a-cicle-mitja-larbre-dels-desitjos\/\" title=\"Read Nadal a cicle mitj\u00e0: l&#8217;arbre dels desitjos\">Llegeix m\u00e9s\u00bb<\/a><\/p>\n","protected":false},"author":3,"featured_media":1433,"comment_status":"closed","ping_status":"open","sticky":false,"template":"","format":"standard","meta":{"_bbp_topic_count":0,"_bbp_reply_count":0,"_bbp_total_topic_count":0,"_bbp_total_reply_count":0,"_bbp_voice_count":0,"_bbp_anonymous_reply_count":0,"_bbp_topic_count_hidden":0,"_bbp_reply_count_hidden":0,"_bbp_forum_subforum_count":0,"footnotes":""},"categories":[24,153,4],"tags":[],"class_list":["post-1432","post","type-post","status-publish","format-standard","has-post-thumbnail","hentry","category-cicle-mitja","category-curs-2016-17","category-portada"],"post_mailing_queue_ids":[],"_links":{"self":[{"href":"https:\/\/agora.xtec.cat\/ceipmdangels\/wp-json\/wp\/v2\/posts\/1432","targetHints":{"allow":["GET"]}}],"collection":[{"href":"https:\/\/agora.xtec.cat\/ceipmdangels\/wp-json\/wp\/v2\/posts"}],"about":[{"href":"https:\/\/agora.xtec.cat\/ceipmdangels\/wp-json\/wp\/v2\/types\/post"}],"author":[{"embeddable":true,"href":"https:\/\/agora.xtec.cat\/ceipmdangels\/wp-json\/wp\/v2\/users\/3"}],"replies":[{"embeddable":true,"href":"https:\/\/agora.xtec.cat\/ceipmdangels\/wp-json\/wp\/v2\/comments?post=1432"}],"version-history":[{"count":3,"href":"https:\/\/agora.xtec.cat\/ceipmdangels\/wp-json\/wp\/v2\/posts\/1432\/revisions"}],"predecessor-version":[{"id":1445,"href":"https:\/\/agora.xtec.cat\/ceipmdangels\/wp-json\/wp\/v2\/posts\/1432\/revisions\/1445"}],"wp:featuredmedia":[{"embeddable":true,"href":"https:\/\/agora.xtec.cat\/ceipmdangels\/wp-json\/wp\/v2\/media\/1433"}],"wp:attachment":[{"href":"https:\/\/agora.xtec.cat\/ceipmdangels\/wp-json\/wp\/v2\/media?parent=1432"}],"wp:term":[{"taxonomy":"category","embeddable":true,"href":"https:\/\/agora.xtec.cat\/ceipmdangels\/wp-json\/wp\/v2\/categories?post=1432"},{"taxonomy":"post_tag","embeddable":true,"href":"https:\/\/agora.xtec.cat\/ceipmdangels\/wp-json\/wp\/v2\/tags?post=1432"}],"curies":[{"name":"wp","href":"https:\/\/api.w.org\/{rel}","templated":true}]}}