{"id":1397,"date":"2017-02-24T13:16:40","date_gmt":"2017-02-24T12:16:40","guid":{"rendered":"http:\/\/agora.xtec.cat\/ceipmdangels\/?p=1397"},"modified":"2022-04-21T16:15:37","modified_gmt":"2022-04-21T14:15:37","slug":"el-nadal-a-cicle-inicial","status":"publish","type":"post","link":"https:\/\/agora.xtec.cat\/ceipmdangels\/portada\/el-nadal-a-cicle-inicial\/","title":{"rendered":"El Nadal a Cicle Inicial"},"content":{"rendered":"<p>El Nadal sempre \u00e9s entranyable. Pels nens i nenes aut\u00e8ntica m\u00e0gia. A l\u2019escola l\u2019hem compartit amb ells un any m\u00e9s celebrant les nostres millors tradicions. El ti\u00f3, el patge i les nadales ens han acompanyat en aquests moments festius mentre seguim somiant m\u00e9s enll\u00e0 dels regals.<\/p>\n<p style=\"text-align: center;\"><strong>FEU CLIC A LA FOTO PER VEURE L&#8217;\u00c0LBUM SENCER<\/strong><\/p>\n<p><a href=\"https:\/\/goo.gl\/photos\/uU37JR6uUZDrNPSv6\"><img loading=\"lazy\" decoding=\"async\" class=\"alignnone size-large wp-image-1398\" src=\"http:\/\/agora.xtec.cat\/ceipmdangels\/wp-content\/uploads\/usu320\/2017\/02\/IMG_0399-1024x768.jpg\" alt=\"img_0399\" width=\"1024\" height=\"768\" srcset=\"https:\/\/agora.xtec.cat\/ceipmdangels\/wp-content\/uploads\/usu320\/2017\/02\/IMG_0399-1024x768.jpg 1024w, https:\/\/agora.xtec.cat\/ceipmdangels\/wp-content\/uploads\/usu320\/2017\/02\/IMG_0399-300x225.jpg 300w, https:\/\/agora.xtec.cat\/ceipmdangels\/wp-content\/uploads\/usu320\/2017\/02\/IMG_0399-768x576.jpg 768w, https:\/\/agora.xtec.cat\/ceipmdangels\/wp-content\/uploads\/usu320\/2017\/02\/IMG_0399-200x150.jpg 200w\" sizes=\"auto, (max-width: 1024px) 100vw, 1024px\" \/><\/a><\/p>\n","protected":false},"excerpt":{"rendered":"<p>El Nadal sempre \u00e9s entranyable. Pels nens i nenes aut\u00e8ntica m\u00e0gia. A l\u2019escola l\u2019hem compartit amb ells un any m\u00e9s celebrant les nostres millors tradicions. El ti\u00f3, el patge i les nadales ens han acompanyat en aquests moments festius mentre seguim somiant m\u00e9s enll\u00e0 dels&hellip;  <a href=\"https:\/\/agora.xtec.cat\/ceipmdangels\/portada\/el-nadal-a-cicle-inicial\/\" title=\"Read El Nadal a Cicle Inicial\">Llegeix m\u00e9s\u00bb<\/a><\/p>\n","protected":false},"author":4,"featured_media":1398,"comment_status":"closed","ping_status":"open","sticky":false,"template":"","format":"standard","meta":{"_bbp_topic_count":0,"_bbp_reply_count":0,"_bbp_total_topic_count":0,"_bbp_total_reply_count":0,"_bbp_voice_count":0,"_bbp_anonymous_reply_count":0,"_bbp_topic_count_hidden":0,"_bbp_reply_count_hidden":0,"_bbp_forum_subforum_count":0,"footnotes":""},"categories":[23,153,4],"tags":[],"class_list":["post-1397","post","type-post","status-publish","format-standard","has-post-thumbnail","hentry","category-cicle-inicial","category-curs-2016-17","category-portada"],"post_mailing_queue_ids":[],"_links":{"self":[{"href":"https:\/\/agora.xtec.cat\/ceipmdangels\/wp-json\/wp\/v2\/posts\/1397","targetHints":{"allow":["GET"]}}],"collection":[{"href":"https:\/\/agora.xtec.cat\/ceipmdangels\/wp-json\/wp\/v2\/posts"}],"about":[{"href":"https:\/\/agora.xtec.cat\/ceipmdangels\/wp-json\/wp\/v2\/types\/post"}],"author":[{"embeddable":true,"href":"https:\/\/agora.xtec.cat\/ceipmdangels\/wp-json\/wp\/v2\/users\/4"}],"replies":[{"embeddable":true,"href":"https:\/\/agora.xtec.cat\/ceipmdangels\/wp-json\/wp\/v2\/comments?post=1397"}],"version-history":[{"count":1,"href":"https:\/\/agora.xtec.cat\/ceipmdangels\/wp-json\/wp\/v2\/posts\/1397\/revisions"}],"predecessor-version":[{"id":1399,"href":"https:\/\/agora.xtec.cat\/ceipmdangels\/wp-json\/wp\/v2\/posts\/1397\/revisions\/1399"}],"wp:featuredmedia":[{"embeddable":true,"href":"https:\/\/agora.xtec.cat\/ceipmdangels\/wp-json\/wp\/v2\/media\/1398"}],"wp:attachment":[{"href":"https:\/\/agora.xtec.cat\/ceipmdangels\/wp-json\/wp\/v2\/media?parent=1397"}],"wp:term":[{"taxonomy":"category","embeddable":true,"href":"https:\/\/agora.xtec.cat\/ceipmdangels\/wp-json\/wp\/v2\/categories?post=1397"},{"taxonomy":"post_tag","embeddable":true,"href":"https:\/\/agora.xtec.cat\/ceipmdangels\/wp-json\/wp\/v2\/tags?post=1397"}],"curies":[{"name":"wp","href":"https:\/\/api.w.org\/{rel}","templated":true}]}}