{"id":1392,"date":"2017-02-17T15:28:02","date_gmt":"2017-02-17T14:28:02","guid":{"rendered":"http:\/\/agora.xtec.cat\/ceipmdangels\/?p=1392"},"modified":"2022-04-21T16:15:32","modified_gmt":"2022-04-21T14:15:32","slug":"p5-b-el-nostre-projecte-el-pol-nord","status":"publish","type":"post","link":"https:\/\/agora.xtec.cat\/ceipmdangels\/general\/p5-b-el-nostre-projecte-el-pol-nord\/","title":{"rendered":"P5 B &#8211; El nostre projecte: EL POL NORD"},"content":{"rendered":"<p style=\"text-align: justify;\">Aquestes \u00faltimes setmanes hem estat realitzant un projecte relacionat amb el Pol Nord. Aquest va ser el tema m\u00e9s escollit despr\u00e9s d\u2019una llarga votaci\u00f3. Durant\u00a0tot el projecte, hem apr\u00e8s diferents conceptes sobre el Pol Nord i hem fet diverses activitats, amb les quals ens ho hem passat molt b\u00e9. Aqu\u00ed us deixem un recull d\u2019algunes de les activitats realitzades a classe, per exemple, hem fet neu artificial, hem pintat aurores boreals amb gla\u00e7ons de colors i, per finalitzar el projecte, ens hem fet petons com els inuits.<\/p>\n<p style=\"text-align: center;\"><strong>Feu clic a la foto per veure l&#8217;\u00e0lbum sencer<\/strong><\/p>\n<p style=\"text-align: center;\"><a href=\"https:\/\/goo.gl\/photos\/fHhbcouNCUeKWJfs7\"><img loading=\"lazy\" decoding=\"async\" class=\"alignnone size-large wp-image-1393\" src=\"http:\/\/agora.xtec.cat\/ceipmdangels\/wp-content\/uploads\/usu320\/2017\/02\/IMG_20170207_121358-1024x576.jpg\" alt=\"img_20170207_121358\" width=\"1024\" height=\"576\" srcset=\"https:\/\/agora.xtec.cat\/ceipmdangels\/wp-content\/uploads\/usu320\/2017\/02\/IMG_20170207_121358-1024x576.jpg 1024w, https:\/\/agora.xtec.cat\/ceipmdangels\/wp-content\/uploads\/usu320\/2017\/02\/IMG_20170207_121358-300x169.jpg 300w, https:\/\/agora.xtec.cat\/ceipmdangels\/wp-content\/uploads\/usu320\/2017\/02\/IMG_20170207_121358-768x432.jpg 768w\" sizes=\"auto, (max-width: 1024px) 100vw, 1024px\" \/><\/a><\/p>\n","protected":false},"excerpt":{"rendered":"<p>Aquestes \u00faltimes setmanes hem estat realitzant un projecte relacionat amb el Pol Nord. Aquest va ser el tema m\u00e9s escollit despr\u00e9s d\u2019una llarga votaci\u00f3. Durant\u00a0tot el projecte, hem apr\u00e8s diferents conceptes sobre el Pol Nord i hem fet diverses activitats, amb les quals ens ho&hellip;  <a href=\"https:\/\/agora.xtec.cat\/ceipmdangels\/general\/p5-b-el-nostre-projecte-el-pol-nord\/\" title=\"Read P5 B &#8211; El nostre projecte: EL POL NORD\">Llegeix m\u00e9s\u00bb<\/a><\/p>\n","protected":false},"author":3,"featured_media":1393,"comment_status":"closed","ping_status":"open","sticky":false,"template":"","format":"standard","meta":{"_bbp_topic_count":0,"_bbp_reply_count":0,"_bbp_total_topic_count":0,"_bbp_total_reply_count":0,"_bbp_voice_count":0,"_bbp_anonymous_reply_count":0,"_bbp_topic_count_hidden":0,"_bbp_reply_count_hidden":0,"_bbp_forum_subforum_count":0,"footnotes":""},"categories":[153,22,1,2,4],"tags":[],"class_list":["post-1392","post","type-post","status-publish","format-standard","has-post-thumbnail","hentry","category-curs-2016-17","category-educacio-infantil","category-general","category-infantil","category-portada"],"post_mailing_queue_ids":[],"_links":{"self":[{"href":"https:\/\/agora.xtec.cat\/ceipmdangels\/wp-json\/wp\/v2\/posts\/1392","targetHints":{"allow":["GET"]}}],"collection":[{"href":"https:\/\/agora.xtec.cat\/ceipmdangels\/wp-json\/wp\/v2\/posts"}],"about":[{"href":"https:\/\/agora.xtec.cat\/ceipmdangels\/wp-json\/wp\/v2\/types\/post"}],"author":[{"embeddable":true,"href":"https:\/\/agora.xtec.cat\/ceipmdangels\/wp-json\/wp\/v2\/users\/3"}],"replies":[{"embeddable":true,"href":"https:\/\/agora.xtec.cat\/ceipmdangels\/wp-json\/wp\/v2\/comments?post=1392"}],"version-history":[{"count":3,"href":"https:\/\/agora.xtec.cat\/ceipmdangels\/wp-json\/wp\/v2\/posts\/1392\/revisions"}],"predecessor-version":[{"id":1396,"href":"https:\/\/agora.xtec.cat\/ceipmdangels\/wp-json\/wp\/v2\/posts\/1392\/revisions\/1396"}],"wp:featuredmedia":[{"embeddable":true,"href":"https:\/\/agora.xtec.cat\/ceipmdangels\/wp-json\/wp\/v2\/media\/1393"}],"wp:attachment":[{"href":"https:\/\/agora.xtec.cat\/ceipmdangels\/wp-json\/wp\/v2\/media?parent=1392"}],"wp:term":[{"taxonomy":"category","embeddable":true,"href":"https:\/\/agora.xtec.cat\/ceipmdangels\/wp-json\/wp\/v2\/categories?post=1392"},{"taxonomy":"post_tag","embeddable":true,"href":"https:\/\/agora.xtec.cat\/ceipmdangels\/wp-json\/wp\/v2\/tags?post=1392"}],"curies":[{"name":"wp","href":"https:\/\/api.w.org\/{rel}","templated":true}]}}