{"id":1388,"date":"2017-02-17T14:53:53","date_gmt":"2017-02-17T13:53:53","guid":{"rendered":"http:\/\/agora.xtec.cat\/ceipmdangels\/?p=1388"},"modified":"2022-04-21T16:15:25","modified_gmt":"2022-04-21T14:15:25","slug":"aixi-hem-viscut-el-nadal-els-nens-i-nenes-de-p5","status":"publish","type":"post","link":"https:\/\/agora.xtec.cat\/ceipmdangels\/general\/aixi-hem-viscut-el-nadal-els-nens-i-nenes-de-p5\/","title":{"rendered":"Aix\u00ed hem viscut el Nadal els nens i nenes de P5"},"content":{"rendered":"<p>Estimades fam\u00edlies,<\/p>\n<p>Aqu\u00ed teniu un recull de les activitats fetes a l\u2019escola durant el Nadal. Podreu veure la visita del Patge Reial i el festival.\u00a0 La classe de P5 A va representar la can\u00e7\u00f3 <em>Aquest Nadal ser\u00e0 la bomba <\/em>i el poema <em>L\u2019escola \u00e9s tancada. <\/em>La classe de P5 B va ballar la can\u00e7\u00f3 <em>El rock del Nadal<\/em> i va recitar el poema <em>El caganer. <\/em>Finalment, la classe de P5 C va interpretar la can\u00e7\u00f3 <em>El twist del Nadal <\/em>i el poema <em>Les joguines.<\/em><\/p>\n<p>Esperem que us agradi!<\/p>\n<p style=\"text-align: center;\"><strong>Feu clic a la foto per veure l&#8217;\u00e0lbum sencer<\/strong><\/p>\n<p><a href=\"https:\/\/goo.gl\/photos\/FNuSEpJ1d5MUQUxE9\"><img loading=\"lazy\" decoding=\"async\" class=\"alignnone size-large wp-image-1389\" src=\"http:\/\/agora.xtec.cat\/ceipmdangels\/wp-content\/uploads\/usu320\/2017\/02\/IMG_1201-1024x768.jpg\" alt=\"img_1201\" width=\"1024\" height=\"768\" srcset=\"https:\/\/agora.xtec.cat\/ceipmdangels\/wp-content\/uploads\/usu320\/2017\/02\/IMG_1201-1024x768.jpg 1024w, https:\/\/agora.xtec.cat\/ceipmdangels\/wp-content\/uploads\/usu320\/2017\/02\/IMG_1201-300x225.jpg 300w, https:\/\/agora.xtec.cat\/ceipmdangels\/wp-content\/uploads\/usu320\/2017\/02\/IMG_1201-768x576.jpg 768w, https:\/\/agora.xtec.cat\/ceipmdangels\/wp-content\/uploads\/usu320\/2017\/02\/IMG_1201-200x150.jpg 200w\" sizes=\"auto, (max-width: 1024px) 100vw, 1024px\" \/><\/a><\/p>\n<p style=\"text-align: center;\"><iframe loading=\"lazy\" src=\"\/\/www.youtube.com\/embed\/ZZuMVsGSyhE\" width=\"560\" height=\"314\" allowfullscreen=\"allowfullscreen\"><\/iframe><\/p>\n<p style=\"text-align: center;\"><iframe loading=\"lazy\" src=\"\/\/www.youtube.com\/embed\/gtUDXv4mcWg\" width=\"560\" height=\"314\" allowfullscreen=\"allowfullscreen\"><\/iframe><\/p>\n<p style=\"text-align: center;\"><iframe loading=\"lazy\" src=\"\/\/www.youtube.com\/embed\/gNjL0lKvp3Y\" width=\"560\" height=\"314\" allowfullscreen=\"allowfullscreen\"><\/iframe><\/p>\n<p style=\"text-align: center;\"><iframe loading=\"lazy\" src=\"\/\/www.youtube.com\/embed\/2s-Iv52DtEM\" width=\"560\" height=\"314\" allowfullscreen=\"allowfullscreen\"><\/iframe><\/p>\n<p>&nbsp;<\/p>\n<p>&nbsp;<\/p>\n","protected":false},"excerpt":{"rendered":"<p>Estimades fam\u00edlies,<br \/>\nAqu\u00ed teniu un recull de les activitats fetes a l\u2019escola durant el Nadal. Podreu veure la visita del Patge Reial i el festival.\u00a0 La classe de P5 A va representar la can\u00e7\u00f3 Aquest Nadal ser\u00e0 la bomba i el poema L\u2019escola \u00e9s tancada. La&hellip;  <a href=\"https:\/\/agora.xtec.cat\/ceipmdangels\/general\/aixi-hem-viscut-el-nadal-els-nens-i-nenes-de-p5\/\" title=\"Read Aix\u00ed hem viscut el Nadal els nens i nenes de P5\">Llegeix m\u00e9s\u00bb<\/a><\/p>\n","protected":false},"author":3,"featured_media":1389,"comment_status":"closed","ping_status":"open","sticky":false,"template":"","format":"standard","meta":{"_bbp_topic_count":0,"_bbp_reply_count":0,"_bbp_total_topic_count":0,"_bbp_total_reply_count":0,"_bbp_voice_count":0,"_bbp_anonymous_reply_count":0,"_bbp_topic_count_hidden":0,"_bbp_reply_count_hidden":0,"_bbp_forum_subforum_count":0,"footnotes":""},"categories":[153,1,2,41,4],"tags":[],"class_list":["post-1388","post","type-post","status-publish","format-standard","has-post-thumbnail","hentry","category-curs-2016-17","category-general","category-infantil","category-nadal","category-portada"],"post_mailing_queue_ids":[],"_links":{"self":[{"href":"https:\/\/agora.xtec.cat\/ceipmdangels\/wp-json\/wp\/v2\/posts\/1388","targetHints":{"allow":["GET"]}}],"collection":[{"href":"https:\/\/agora.xtec.cat\/ceipmdangels\/wp-json\/wp\/v2\/posts"}],"about":[{"href":"https:\/\/agora.xtec.cat\/ceipmdangels\/wp-json\/wp\/v2\/types\/post"}],"author":[{"embeddable":true,"href":"https:\/\/agora.xtec.cat\/ceipmdangels\/wp-json\/wp\/v2\/users\/3"}],"replies":[{"embeddable":true,"href":"https:\/\/agora.xtec.cat\/ceipmdangels\/wp-json\/wp\/v2\/comments?post=1388"}],"version-history":[{"count":3,"href":"https:\/\/agora.xtec.cat\/ceipmdangels\/wp-json\/wp\/v2\/posts\/1388\/revisions"}],"predecessor-version":[{"id":1412,"href":"https:\/\/agora.xtec.cat\/ceipmdangels\/wp-json\/wp\/v2\/posts\/1388\/revisions\/1412"}],"wp:featuredmedia":[{"embeddable":true,"href":"https:\/\/agora.xtec.cat\/ceipmdangels\/wp-json\/wp\/v2\/media\/1389"}],"wp:attachment":[{"href":"https:\/\/agora.xtec.cat\/ceipmdangels\/wp-json\/wp\/v2\/media?parent=1388"}],"wp:term":[{"taxonomy":"category","embeddable":true,"href":"https:\/\/agora.xtec.cat\/ceipmdangels\/wp-json\/wp\/v2\/categories?post=1388"},{"taxonomy":"post_tag","embeddable":true,"href":"https:\/\/agora.xtec.cat\/ceipmdangels\/wp-json\/wp\/v2\/tags?post=1388"}],"curies":[{"name":"wp","href":"https:\/\/api.w.org\/{rel}","templated":true}]}}