{"id":1362,"date":"2016-12-21T12:55:27","date_gmt":"2016-12-21T11:55:27","guid":{"rendered":"http:\/\/agora.xtec.cat\/ceipmdangels\/?p=1362"},"modified":"2022-04-21T16:15:01","modified_gmt":"2022-04-21T14:15:01","slug":"religio-al-nadal-5e","status":"publish","type":"post","link":"https:\/\/agora.xtec.cat\/ceipmdangels\/portada\/religio-al-nadal-5e\/","title":{"rendered":"Religi\u00f3 al Nadal 5\u00e8"},"content":{"rendered":"<p>Els alumnes de 5\u00e8 que participem a l\u2019assignatura de Religi\u00f3, al finalitzar aquest trimestre, hem confeccionat un pessebre vist en 3D i ens ha quedat molt bonic!<\/p>\n<p style=\"text-align: center;\"><strong>Feu clic a la foto per veure l&#8217;\u00e0lbum sencer<\/strong><\/p>\n<p><a href=\"https:\/\/goo.gl\/photos\/QZ9q17bY75NGVucA8\"><img loading=\"lazy\" decoding=\"async\" class=\"size-medium wp-image-1363 aligncenter\" src=\"http:\/\/agora.xtec.cat\/ceipmdangels\/wp-content\/uploads\/usu320\/2016\/12\/UNADJUSTEDNONRAW_thumb_842-300x225.jpg\" alt=\"unadjustednonraw_thumb_842\" width=\"300\" height=\"225\" srcset=\"https:\/\/agora.xtec.cat\/ceipmdangels\/wp-content\/uploads\/usu320\/2016\/12\/UNADJUSTEDNONRAW_thumb_842-300x225.jpg 300w, https:\/\/agora.xtec.cat\/ceipmdangels\/wp-content\/uploads\/usu320\/2016\/12\/UNADJUSTEDNONRAW_thumb_842-768x576.jpg 768w, https:\/\/agora.xtec.cat\/ceipmdangels\/wp-content\/uploads\/usu320\/2016\/12\/UNADJUSTEDNONRAW_thumb_842.jpg 1024w, https:\/\/agora.xtec.cat\/ceipmdangels\/wp-content\/uploads\/usu320\/2016\/12\/UNADJUSTEDNONRAW_thumb_842-200x150.jpg 200w\" sizes=\"auto, (max-width: 300px) 100vw, 300px\" \/><\/a><\/p>\n","protected":false},"excerpt":{"rendered":"<p>Els alumnes de 5\u00e8 que participem a l\u2019assignatura de Religi\u00f3, al finalitzar aquest trimestre, hem confeccionat un pessebre vist en 3D i ens ha quedat molt bonic!<br \/>\nFeu clic a la foto per veure l&#8217;\u00e0lbum sencer<br \/>\n<a href=\"https:\/\/goo.gl\/photos\/QZ9q17bY75NGVucA8\"><\/a><\/p>\n","protected":false},"author":5,"featured_media":1363,"comment_status":"closed","ping_status":"open","sticky":false,"template":"","format":"standard","meta":{"_bbp_topic_count":0,"_bbp_reply_count":0,"_bbp_total_topic_count":0,"_bbp_total_reply_count":0,"_bbp_voice_count":0,"_bbp_anonymous_reply_count":0,"_bbp_topic_count_hidden":0,"_bbp_reply_count_hidden":0,"_bbp_forum_subforum_count":0,"footnotes":""},"categories":[25,153,41,4,42],"tags":[],"class_list":["post-1362","post","type-post","status-publish","format-standard","has-post-thumbnail","hentry","category-cicle-superior","category-curs-2016-17","category-nadal","category-portada","category-religio"],"post_mailing_queue_ids":[],"_links":{"self":[{"href":"https:\/\/agora.xtec.cat\/ceipmdangels\/wp-json\/wp\/v2\/posts\/1362","targetHints":{"allow":["GET"]}}],"collection":[{"href":"https:\/\/agora.xtec.cat\/ceipmdangels\/wp-json\/wp\/v2\/posts"}],"about":[{"href":"https:\/\/agora.xtec.cat\/ceipmdangels\/wp-json\/wp\/v2\/types\/post"}],"author":[{"embeddable":true,"href":"https:\/\/agora.xtec.cat\/ceipmdangels\/wp-json\/wp\/v2\/users\/5"}],"replies":[{"embeddable":true,"href":"https:\/\/agora.xtec.cat\/ceipmdangels\/wp-json\/wp\/v2\/comments?post=1362"}],"version-history":[{"count":3,"href":"https:\/\/agora.xtec.cat\/ceipmdangels\/wp-json\/wp\/v2\/posts\/1362\/revisions"}],"predecessor-version":[{"id":1366,"href":"https:\/\/agora.xtec.cat\/ceipmdangels\/wp-json\/wp\/v2\/posts\/1362\/revisions\/1366"}],"wp:featuredmedia":[{"embeddable":true,"href":"https:\/\/agora.xtec.cat\/ceipmdangels\/wp-json\/wp\/v2\/media\/1363"}],"wp:attachment":[{"href":"https:\/\/agora.xtec.cat\/ceipmdangels\/wp-json\/wp\/v2\/media?parent=1362"}],"wp:term":[{"taxonomy":"category","embeddable":true,"href":"https:\/\/agora.xtec.cat\/ceipmdangels\/wp-json\/wp\/v2\/categories?post=1362"},{"taxonomy":"post_tag","embeddable":true,"href":"https:\/\/agora.xtec.cat\/ceipmdangels\/wp-json\/wp\/v2\/tags?post=1362"}],"curies":[{"name":"wp","href":"https:\/\/api.w.org\/{rel}","templated":true}]}}