{"id":1359,"date":"2016-12-21T12:53:25","date_gmt":"2016-12-21T11:53:25","guid":{"rendered":"http:\/\/agora.xtec.cat\/ceipmdangels\/?p=1359"},"modified":"2022-04-21T16:14:56","modified_gmt":"2022-04-21T14:14:56","slug":"religio-al-nadal-3r","status":"publish","type":"post","link":"https:\/\/agora.xtec.cat\/ceipmdangels\/portada\/religio-al-nadal-3r\/","title":{"rendered":"Religi\u00f3 al Nadal 3r"},"content":{"rendered":"<p>Els alumnes de 3r que participem a l\u2019assignatura de religi\u00f3, al llarg del mes de desembre, hem elaborat el nostre pessebre en una capsa de sabates. Ho hem passat d\u2019all\u00f2 m\u00e9s b\u00e9 pintant, retallant i pegant les figures i ens han quedat fant\u00e0stics!!<\/p>\n<p style=\"text-align: center;\"><strong>Feu clic a la foto per veure l&#8217;\u00e0lbum sencer<\/strong><\/p>\n<p><a href=\"https:\/\/goo.gl\/photos\/pV6fvbUw4A3P6XXV7\"><img loading=\"lazy\" decoding=\"async\" class=\"aligncenter size-medium wp-image-1360\" src=\"http:\/\/agora.xtec.cat\/ceipmdangels\/wp-content\/uploads\/usu320\/2016\/12\/3r-C-sin-300x225.jpg\" alt=\"3r-c-sin\" width=\"300\" height=\"225\" srcset=\"https:\/\/agora.xtec.cat\/ceipmdangels\/wp-content\/uploads\/usu320\/2016\/12\/3r-C-sin-300x225.jpg 300w, https:\/\/agora.xtec.cat\/ceipmdangels\/wp-content\/uploads\/usu320\/2016\/12\/3r-C-sin-768x576.jpg 768w, https:\/\/agora.xtec.cat\/ceipmdangels\/wp-content\/uploads\/usu320\/2016\/12\/3r-C-sin.jpg 1024w, https:\/\/agora.xtec.cat\/ceipmdangels\/wp-content\/uploads\/usu320\/2016\/12\/3r-C-sin-200x150.jpg 200w\" sizes=\"auto, (max-width: 300px) 100vw, 300px\" \/><\/a><\/p>\n","protected":false},"excerpt":{"rendered":"<p>Els alumnes de 3r que participem a l\u2019assignatura de religi\u00f3, al llarg del mes de desembre, hem elaborat el nostre pessebre en una capsa de sabates. Ho hem passat d\u2019all\u00f2 m\u00e9s b\u00e9 pintant, retallant i pegant les figures i ens han quedat fant\u00e0stics!!<br \/>\nFeu clic a&hellip;  <a href=\"https:\/\/agora.xtec.cat\/ceipmdangels\/portada\/religio-al-nadal-3r\/\" title=\"Read Religi\u00f3 al Nadal 3r\">Llegeix m\u00e9s\u00bb<\/a><\/p>\n","protected":false},"author":5,"featured_media":1360,"comment_status":"closed","ping_status":"open","sticky":false,"template":"","format":"standard","meta":{"_bbp_topic_count":0,"_bbp_reply_count":0,"_bbp_total_topic_count":0,"_bbp_total_reply_count":0,"_bbp_voice_count":0,"_bbp_anonymous_reply_count":0,"_bbp_topic_count_hidden":0,"_bbp_reply_count_hidden":0,"_bbp_forum_subforum_count":0,"footnotes":""},"categories":[24,153,41,4,42],"tags":[],"class_list":["post-1359","post","type-post","status-publish","format-standard","has-post-thumbnail","hentry","category-cicle-mitja","category-curs-2016-17","category-nadal","category-portada","category-religio"],"post_mailing_queue_ids":[],"_links":{"self":[{"href":"https:\/\/agora.xtec.cat\/ceipmdangels\/wp-json\/wp\/v2\/posts\/1359","targetHints":{"allow":["GET"]}}],"collection":[{"href":"https:\/\/agora.xtec.cat\/ceipmdangels\/wp-json\/wp\/v2\/posts"}],"about":[{"href":"https:\/\/agora.xtec.cat\/ceipmdangels\/wp-json\/wp\/v2\/types\/post"}],"author":[{"embeddable":true,"href":"https:\/\/agora.xtec.cat\/ceipmdangels\/wp-json\/wp\/v2\/users\/5"}],"replies":[{"embeddable":true,"href":"https:\/\/agora.xtec.cat\/ceipmdangels\/wp-json\/wp\/v2\/comments?post=1359"}],"version-history":[{"count":1,"href":"https:\/\/agora.xtec.cat\/ceipmdangels\/wp-json\/wp\/v2\/posts\/1359\/revisions"}],"predecessor-version":[{"id":1361,"href":"https:\/\/agora.xtec.cat\/ceipmdangels\/wp-json\/wp\/v2\/posts\/1359\/revisions\/1361"}],"wp:featuredmedia":[{"embeddable":true,"href":"https:\/\/agora.xtec.cat\/ceipmdangels\/wp-json\/wp\/v2\/media\/1360"}],"wp:attachment":[{"href":"https:\/\/agora.xtec.cat\/ceipmdangels\/wp-json\/wp\/v2\/media?parent=1359"}],"wp:term":[{"taxonomy":"category","embeddable":true,"href":"https:\/\/agora.xtec.cat\/ceipmdangels\/wp-json\/wp\/v2\/categories?post=1359"},{"taxonomy":"post_tag","embeddable":true,"href":"https:\/\/agora.xtec.cat\/ceipmdangels\/wp-json\/wp\/v2\/tags?post=1359"}],"curies":[{"name":"wp","href":"https:\/\/api.w.org\/{rel}","templated":true}]}}