{"id":1334,"date":"2016-12-02T13:03:50","date_gmt":"2016-12-02T12:03:50","guid":{"rendered":"http:\/\/agora.xtec.cat\/ceipmdangels\/?p=1334"},"modified":"2022-04-21T16:14:04","modified_gmt":"2022-04-21T14:14:04","slug":"castanyada-2016","status":"publish","type":"post","link":"https:\/\/agora.xtec.cat\/ceipmdangels\/portada\/castanyada-2016\/","title":{"rendered":"Castanyada 2016"},"content":{"rendered":"<p>Aquesta Castanyada ens hem tornat a disfressar de castanyers i de castanyeres i hem fet una petita desfilada a la classe. Tamb\u00e9 hem menjat castanyes al pati i hem ballat. Ja \u00e9s tot una tradici\u00f3!<\/p>\n<p style=\"text-align: center;\"><strong>Feu clic a la foto per veure l&#8217;\u00e0lbum sencer<\/strong><\/p>\n<p><a href=\"https:\/\/goo.gl\/photos\/i9Df5SYoNCVB33Uh6\"><img loading=\"lazy\" decoding=\"async\" class=\"aligncenter size-medium wp-image-1335\" src=\"http:\/\/agora.xtec.cat\/ceipmdangels\/wp-content\/uploads\/usu320\/2016\/12\/IMG_7211-300x225.jpg\" alt=\"img_7211\" width=\"300\" height=\"225\" srcset=\"https:\/\/agora.xtec.cat\/ceipmdangels\/wp-content\/uploads\/usu320\/2016\/12\/IMG_7211-300x225.jpg 300w, https:\/\/agora.xtec.cat\/ceipmdangels\/wp-content\/uploads\/usu320\/2016\/12\/IMG_7211-768x576.jpg 768w, https:\/\/agora.xtec.cat\/ceipmdangels\/wp-content\/uploads\/usu320\/2016\/12\/IMG_7211-1024x768.jpg 1024w, https:\/\/agora.xtec.cat\/ceipmdangels\/wp-content\/uploads\/usu320\/2016\/12\/IMG_7211-200x150.jpg 200w, https:\/\/agora.xtec.cat\/ceipmdangels\/wp-content\/uploads\/usu320\/2016\/12\/IMG_7211.jpg 1686w\" sizes=\"auto, (max-width: 300px) 100vw, 300px\" \/><\/a><\/p>\n","protected":false},"excerpt":{"rendered":"<p>Aquesta Castanyada ens hem tornat a disfressar de castanyers i de castanyeres i hem fet una petita desfilada a la classe. Tamb\u00e9 hem menjat castanyes al pati i hem ballat. Ja \u00e9s tot una tradici\u00f3!<br \/>\nFeu clic a la foto per veure l&#8217;\u00e0lbum sencer<br \/>\n<a href=\"https:\/\/goo.gl\/photos\/i9Df5SYoNCVB33Uh6\"><\/a><\/p>\n","protected":false},"author":5,"featured_media":1335,"comment_status":"closed","ping_status":"open","sticky":false,"template":"","format":"standard","meta":{"_bbp_topic_count":0,"_bbp_reply_count":0,"_bbp_total_topic_count":0,"_bbp_total_reply_count":0,"_bbp_voice_count":0,"_bbp_anonymous_reply_count":0,"_bbp_topic_count_hidden":0,"_bbp_reply_count_hidden":0,"_bbp_forum_subforum_count":0,"footnotes":""},"categories":[21,24,153,4],"tags":[],"class_list":["post-1334","post","type-post","status-publish","format-standard","has-post-thumbnail","hentry","category-activitats-comunes","category-cicle-mitja","category-curs-2016-17","category-portada"],"post_mailing_queue_ids":[],"_links":{"self":[{"href":"https:\/\/agora.xtec.cat\/ceipmdangels\/wp-json\/wp\/v2\/posts\/1334","targetHints":{"allow":["GET"]}}],"collection":[{"href":"https:\/\/agora.xtec.cat\/ceipmdangels\/wp-json\/wp\/v2\/posts"}],"about":[{"href":"https:\/\/agora.xtec.cat\/ceipmdangels\/wp-json\/wp\/v2\/types\/post"}],"author":[{"embeddable":true,"href":"https:\/\/agora.xtec.cat\/ceipmdangels\/wp-json\/wp\/v2\/users\/5"}],"replies":[{"embeddable":true,"href":"https:\/\/agora.xtec.cat\/ceipmdangels\/wp-json\/wp\/v2\/comments?post=1334"}],"version-history":[{"count":1,"href":"https:\/\/agora.xtec.cat\/ceipmdangels\/wp-json\/wp\/v2\/posts\/1334\/revisions"}],"predecessor-version":[{"id":1336,"href":"https:\/\/agora.xtec.cat\/ceipmdangels\/wp-json\/wp\/v2\/posts\/1334\/revisions\/1336"}],"wp:featuredmedia":[{"embeddable":true,"href":"https:\/\/agora.xtec.cat\/ceipmdangels\/wp-json\/wp\/v2\/media\/1335"}],"wp:attachment":[{"href":"https:\/\/agora.xtec.cat\/ceipmdangels\/wp-json\/wp\/v2\/media?parent=1334"}],"wp:term":[{"taxonomy":"category","embeddable":true,"href":"https:\/\/agora.xtec.cat\/ceipmdangels\/wp-json\/wp\/v2\/categories?post=1334"},{"taxonomy":"post_tag","embeddable":true,"href":"https:\/\/agora.xtec.cat\/ceipmdangels\/wp-json\/wp\/v2\/tags?post=1334"}],"curies":[{"name":"wp","href":"https:\/\/api.w.org\/{rel}","templated":true}]}}