{"id":1327,"date":"2016-11-17T12:36:27","date_gmt":"2016-11-17T11:36:27","guid":{"rendered":"http:\/\/agora.xtec.cat\/ceipmdangels\/?p=1327"},"modified":"2022-04-21T16:13:58","modified_gmt":"2022-04-21T14:13:58","slug":"la-40a-edicio-del-cros-dels-angels","status":"publish","type":"post","link":"https:\/\/agora.xtec.cat\/ceipmdangels\/portada\/la-40a-edicio-del-cros-dels-angels\/","title":{"rendered":"La 40\u00aa edici\u00f3 del Cros dels \u00c0ngels"},"content":{"rendered":"<p>La participaci\u00f3 bat r\u00e8cords i fou gaireb\u00e9 de 800 persones en una jornada l\u00fadica i esportiva a la Granja.<\/p>\n<p>Hi ha hagut dos grans novetats respecte a altres anys. La primera, era una cursa de 5.000 metres, que obria la competici\u00f3. La segona, una cursa popular cap al mig dia d\u2019un quil\u00f2metre i mig de recorregut i que va servir perqu\u00e8 tothom es pogu\u00e9s fer seva aquesta prova i perqu\u00e8 el Cros del \u00c0ngels torn\u00e9s a demostrar que el Cros dels \u00c0ngels \u00e9s a prop de tot tipus de p\u00fablic.<\/p>\n<p>Segona l\u2019escola i gr\u00e0cies a l\u2019AMPA l\u2019ambient \u00a0va ser espectacular i tots plegar gaudiren d\u2019una prova que el proper any tornar\u00e0 encara amb m\u00e9s for\u00e7a.<\/p>\n<p style=\"text-align: center;\"><strong>Feu clic a la foto per veure l&#8217;\u00e0lbum sencer<\/strong><\/p>\n<p><a href=\"https:\/\/goo.gl\/photos\/qh9FEUCvB1GL1Df39\"><img loading=\"lazy\" decoding=\"async\" class=\"wp-image-1328 size-large aligncenter\" src=\"http:\/\/agora.xtec.cat\/ceipmdangels\/wp-content\/uploads\/usu320\/2016\/11\/40\u00ba-Cros-Els-\u00c0ngels-34-1024x683.jpg\" alt=\"40o-cros-els-angels-34\" width=\"1024\" height=\"683\" srcset=\"https:\/\/agora.xtec.cat\/ceipmdangels\/wp-content\/uploads\/usu320\/2016\/11\/40\u00ba-Cros-Els-\u00c0ngels-34-1024x683.jpg 1024w, https:\/\/agora.xtec.cat\/ceipmdangels\/wp-content\/uploads\/usu320\/2016\/11\/40\u00ba-Cros-Els-\u00c0ngels-34-300x200.jpg 300w, https:\/\/agora.xtec.cat\/ceipmdangels\/wp-content\/uploads\/usu320\/2016\/11\/40\u00ba-Cros-Els-\u00c0ngels-34-768x512.jpg 768w\" sizes=\"auto, (max-width: 1024px) 100vw, 1024px\" \/><\/a><\/p>\n<p>&nbsp;<\/p>\n<p style=\"text-align: left;\">Dies abans, realitzarem a l&#8217;escola una roda de premsa on participaren\u00a0S\u00edlvia Cugat presidenta actual de l\u2019AMPA de l\u2019Escola, Sr. Ra\u00fcl Font president del CET, Sr. Francesc Roca Conseller d\u2019Ensenyament de l\u2019Ajuntament, S\u00edlvia Madorrran delegada de la secci\u00f3 d\u2019atletisme del Club Gimn\u00e0stic de Tarragona i V\u00edctor Pomerol director de l\u2019Escola Els \u00c0ngels.<\/p>\n<p>A l&#8217;acte presentaren la nova mascota i parlaren d&#8217; an\u00e8cdotes del cros i personatges que han estat importants en la hist\u00f2ria d&#8217;aquesta activitat.<\/p>\n<p style=\"text-align: center;\"><strong>Feu clic a la foto per veure l&#8217;\u00e0lbum sencer<\/strong><\/p>\n<p><a href=\"https:\/\/goo.gl\/photos\/nxYGJdS3yM8x2oRb6\"><img loading=\"lazy\" decoding=\"async\" class=\"aligncenter wp-image-1331 size-large\" src=\"http:\/\/agora.xtec.cat\/ceipmdangels\/wp-content\/uploads\/usu320\/2016\/11\/IMG_7881-1024x768.jpg\" alt=\"img_7881\" width=\"1024\" height=\"768\" srcset=\"https:\/\/agora.xtec.cat\/ceipmdangels\/wp-content\/uploads\/usu320\/2016\/11\/IMG_7881-1024x768.jpg 1024w, https:\/\/agora.xtec.cat\/ceipmdangels\/wp-content\/uploads\/usu320\/2016\/11\/IMG_7881-300x225.jpg 300w, https:\/\/agora.xtec.cat\/ceipmdangels\/wp-content\/uploads\/usu320\/2016\/11\/IMG_7881-768x576.jpg 768w, https:\/\/agora.xtec.cat\/ceipmdangels\/wp-content\/uploads\/usu320\/2016\/11\/IMG_7881-200x150.jpg 200w\" sizes=\"auto, (max-width: 1024px) 100vw, 1024px\" \/><\/a><\/p>\n<p>&nbsp;<\/p>\n<p>&nbsp;<\/p>\n","protected":false},"excerpt":{"rendered":"<p>La participaci\u00f3 bat r\u00e8cords i fou gaireb\u00e9 de 800 persones en una jornada l\u00fadica i esportiva a la Granja.<br \/>\nHi ha hagut dos grans novetats respecte a altres anys. La primera, era una cursa de 5.000 metres, que obria la competici\u00f3. La segona, una cursa popular&hellip;  <a href=\"https:\/\/agora.xtec.cat\/ceipmdangels\/portada\/la-40a-edicio-del-cros-dels-angels\/\" title=\"Read La 40\u00aa edici\u00f3 del Cros dels \u00c0ngels\">Llegeix m\u00e9s\u00bb<\/a><\/p>\n","protected":false},"author":5,"featured_media":1328,"comment_status":"closed","ping_status":"open","sticky":false,"template":"","format":"standard","meta":{"_bbp_topic_count":0,"_bbp_reply_count":0,"_bbp_total_topic_count":0,"_bbp_total_reply_count":0,"_bbp_voice_count":0,"_bbp_anonymous_reply_count":0,"_bbp_topic_count_hidden":0,"_bbp_reply_count_hidden":0,"_bbp_forum_subforum_count":0,"footnotes":""},"categories":[21,7,23,24,25,153,40,4],"tags":[],"class_list":["post-1327","post","type-post","status-publish","format-standard","has-post-thumbnail","hentry","category-activitats-comunes","category-ampa","category-cicle-inicial","category-cicle-mitja","category-cicle-superior","category-curs-2016-17","category-ed-fisica","category-portada"],"post_mailing_queue_ids":[],"_links":{"self":[{"href":"https:\/\/agora.xtec.cat\/ceipmdangels\/wp-json\/wp\/v2\/posts\/1327","targetHints":{"allow":["GET"]}}],"collection":[{"href":"https:\/\/agora.xtec.cat\/ceipmdangels\/wp-json\/wp\/v2\/posts"}],"about":[{"href":"https:\/\/agora.xtec.cat\/ceipmdangels\/wp-json\/wp\/v2\/types\/post"}],"author":[{"embeddable":true,"href":"https:\/\/agora.xtec.cat\/ceipmdangels\/wp-json\/wp\/v2\/users\/5"}],"replies":[{"embeddable":true,"href":"https:\/\/agora.xtec.cat\/ceipmdangels\/wp-json\/wp\/v2\/comments?post=1327"}],"version-history":[{"count":3,"href":"https:\/\/agora.xtec.cat\/ceipmdangels\/wp-json\/wp\/v2\/posts\/1327\/revisions"}],"predecessor-version":[{"id":1332,"href":"https:\/\/agora.xtec.cat\/ceipmdangels\/wp-json\/wp\/v2\/posts\/1327\/revisions\/1332"}],"wp:featuredmedia":[{"embeddable":true,"href":"https:\/\/agora.xtec.cat\/ceipmdangels\/wp-json\/wp\/v2\/media\/1328"}],"wp:attachment":[{"href":"https:\/\/agora.xtec.cat\/ceipmdangels\/wp-json\/wp\/v2\/media?parent=1327"}],"wp:term":[{"taxonomy":"category","embeddable":true,"href":"https:\/\/agora.xtec.cat\/ceipmdangels\/wp-json\/wp\/v2\/categories?post=1327"},{"taxonomy":"post_tag","embeddable":true,"href":"https:\/\/agora.xtec.cat\/ceipmdangels\/wp-json\/wp\/v2\/tags?post=1327"}],"curies":[{"name":"wp","href":"https:\/\/api.w.org\/{rel}","templated":true}]}}